{"id":22893,"date":"2020-12-17T10:54:03","date_gmt":"2020-12-17T09:54:03","guid":{"rendered":"http:\/\/agora.xtec.cat\/escolacollserolacerdanyola\/?p=22893"},"modified":"2020-12-17T15:40:28","modified_gmt":"2020-12-17T14:40:28","slug":"3r-sortida-a-collserola","status":"publish","type":"post","link":"https:\/\/agora.xtec.cat\/escolacollserolacerdanyola\/de-1r-a-6e\/3r\/3r-sortida-a-collserola\/","title":{"rendered":"3r Sortida a Collserola"},"content":{"rendered":"<p>Dijous 10 de desembre vam anar per la tarda a fer una passejada per Collserola per aprofitar el bon temps i la sessi\u00f3 d&#8217;educaci\u00f3 f\u00edsica. Ens ho vam passar d&#8217;all\u00f2 m\u00e9s b\u00e9, i vam poder aprendre moltes coses, com les senyals adaptades a persones amb necessitats especials. Tamb\u00e9 vam tenir la oportunitat de jugar lliurement i gaudir una estona entre els arbres al mig el bosc.<\/p>\n<p><a href=\"https:\/\/agora.xtec.cat\/escolacollserolacerdanyola\/wp-content\/uploads\/usu1390\/2020\/12\/IMG_20201210_153058_1-min.jpg\"><img loading=\"lazy\" decoding=\"async\" class=\"alignnone size-large wp-image-22896\" src=\"https:\/\/agora.xtec.cat\/escolacollserolacerdanyola\/wp-content\/uploads\/usu1390\/2020\/12\/IMG_20201210_153058_1-min-1024x576.jpg\" alt=\"\" width=\"1024\" height=\"576\" srcset=\"https:\/\/agora.xtec.cat\/escolacollserolacerdanyola\/wp-content\/uploads\/usu1390\/2020\/12\/IMG_20201210_153058_1-min-1024x576.jpg 1024w, https:\/\/agora.xtec.cat\/escolacollserolacerdanyola\/wp-content\/uploads\/usu1390\/2020\/12\/IMG_20201210_153058_1-min-300x169.jpg 300w, https:\/\/agora.xtec.cat\/escolacollserolacerdanyola\/wp-content\/uploads\/usu1390\/2020\/12\/IMG_20201210_153058_1-min-768x432.jpg 768w\" sizes=\"auto, (max-width: 1024px) 100vw, 1024px\" \/><\/a><\/p>\n<p>Tot i que vam acabar for\u00e7a cansats i cansades, repetirem segur!<\/p>\n<p>Aqu\u00ed us deixem un recull de fotos de l&#8217;experi\u00e8ncia:<\/p>\n<p><a href=\"https:\/\/photos.app.goo.gl\/ERiCz7dTQe8YZqkE8\">https:\/\/photos.app.goo.gl\/ERiCz7dTQe8YZqkE8\u00a0<\/a><\/p>\n","protected":false},"excerpt":{"rendered":"<p>Dijous 10 de desembre vam anar per la tarda a fer una passejada per Collserola per aprofitar el bon temps i la sessi\u00f3 d&#8217;educaci\u00f3 f\u00edsica. Ens ho vam passar d&#8217;all\u00f2 m\u00e9s b\u00e9, i vam poder aprendre moltes coses, com les senyals adaptades a persones amb&hellip;  <a href=\"https:\/\/agora.xtec.cat\/escolacollserolacerdanyola\/de-1r-a-6e\/3r\/3r-sortida-a-collserola\/\" title=\"Read 3r Sortida a Collserola\">Llegeix m\u00e9s\u00bb<\/a><\/p>\n","protected":false},"author":8,"featured_media":22896,"comment_status":"open","ping_status":"closed","sticky":false,"template":"","format":"standard","meta":{"_bbp_topic_count":0,"_bbp_reply_count":0,"_bbp_total_topic_count":0,"_bbp_total_reply_count":0,"_bbp_voice_count":0,"_bbp_anonymous_reply_count":0,"_bbp_topic_count_hidden":0,"_bbp_reply_count_hidden":0,"_bbp_forum_subforum_count":0,"footnotes":""},"categories":[12,268],"tags":[],"class_list":["post-22893","post","type-post","status-publish","format-standard","has-post-thumbnail","hentry","category-3r","category-educacio-fisica"],"post_mailing_queue_ids":[],"_links":{"self":[{"href":"https:\/\/agora.xtec.cat\/escolacollserolacerdanyola\/wp-json\/wp\/v2\/posts\/22893","targetHints":{"allow":["GET"]}}],"collection":[{"href":"https:\/\/agora.xtec.cat\/escolacollserolacerdanyola\/wp-json\/wp\/v2\/posts"}],"about":[{"href":"https:\/\/agora.xtec.cat\/escolacollserolacerdanyola\/wp-json\/wp\/v2\/types\/post"}],"author":[{"embeddable":true,"href":"https:\/\/agora.xtec.cat\/escolacollserolacerdanyola\/wp-json\/wp\/v2\/users\/8"}],"replies":[{"embeddable":true,"href":"https:\/\/agora.xtec.cat\/escolacollserolacerdanyola\/wp-json\/wp\/v2\/comments?post=22893"}],"version-history":[{"count":3,"href":"https:\/\/agora.xtec.cat\/escolacollserolacerdanyola\/wp-json\/wp\/v2\/posts\/22893\/revisions"}],"predecessor-version":[{"id":22898,"href":"https:\/\/agora.xtec.cat\/escolacollserolacerdanyola\/wp-json\/wp\/v2\/posts\/22893\/revisions\/22898"}],"wp:featuredmedia":[{"embeddable":true,"href":"https:\/\/agora.xtec.cat\/escolacollserolacerdanyola\/wp-json\/wp\/v2\/media\/22896"}],"wp:attachment":[{"href":"https:\/\/agora.xtec.cat\/escolacollserolacerdanyola\/wp-json\/wp\/v2\/media?parent=22893"}],"wp:term":[{"taxonomy":"category","embeddable":true,"href":"https:\/\/agora.xtec.cat\/escolacollserolacerdanyola\/wp-json\/wp\/v2\/categories?post=22893"},{"taxonomy":"post_tag","embeddable":true,"href":"https:\/\/agora.xtec.cat\/escolacollserolacerdanyola\/wp-json\/wp\/v2\/tags?post=22893"}],"curies":[{"name":"wp","href":"https:\/\/api.w.org\/{rel}","templated":true}]}}