{"id":22729,"date":"2020-11-25T21:47:05","date_gmt":"2020-11-25T20:47:05","guid":{"rendered":"http:\/\/agora.xtec.cat\/escolacollserolacerdanyola\/?p=22729"},"modified":"2020-12-22T11:48:47","modified_gmt":"2020-12-22T10:48:47","slug":"celebracio-santa-cecilia","status":"publish","type":"post","link":"https:\/\/agora.xtec.cat\/escolacollserolacerdanyola\/ei3-ei4-ei5\/celebracio-santa-cecilia\/","title":{"rendered":"CELEBRACI\u00d3 DE LA FESTA DE SANTA  CEC\u00cdLIA"},"content":{"rendered":"<p style=\"text-align: center\">Benvolgudes fam\u00edlies us hem trobat a faltar, tot i aix\u00ed, hem gaudit molt dels balls de Santa Cec\u00edlia.Aquestes s\u00f3n les danses que hem ballat.<\/p>\n<p><img loading=\"lazy\" decoding=\"async\" class=\"aligncenter\" src=\"https:\/\/agora.xtec.cat\/escolacollserolacerdanyola\/wp-content\/uploads\/usu1390\/2020\/11\/Captura.jpg\" width=\"329\" height=\"242\" \/><\/p>\n<p style=\"text-align: center\">P3: el Joan Petit<\/p>\n<p style=\"text-align: center\">P4 : El patatuf<\/p>\n<p style=\"text-align: center\">P5: La dansa dels amics<\/p>\n<p style=\"text-align: center\">1r: El petit vailet<\/p>\n<p style=\"text-align: center\">2n: La solipanta<\/p>\n<p style=\"text-align: center\">I , tot junts hem ballat una can\u00e7\u00f3 ben moderna : Jerusalema.<\/p>\n<p style=\"text-align: center\">I per acabar, VISCA LA M\u00daSICA!!!!!!!!!!!<\/p>\n<p style=\"text-align: center\">Esperem que vosaltres, tamb\u00e9, gaudiu molt dels balls<\/p>\n<p style=\"text-align: center\"><a href=\"https:\/\/photos.app.goo.gl\/zBLf59uHVm8ezYPu7\">INICI ACTE<\/a><\/p>\n<p style=\"text-align: center\"><a href=\"https:\/\/photos.app.goo.gl\/McKerHuaV1YVzXMW7\">DANSA P3<\/a><\/p>\n<p style=\"text-align: center\"><a href=\"https:\/\/photos.app.goo.gl\/FwvC2SdZPXvmStBq9\">DANSA P4<\/a><\/p>\n<p style=\"text-align: center\"><a href=\"https:\/\/photos.app.goo.gl\/H3zPkuu7AFuD595V8\">DANSA P5<\/a><\/p>\n<p style=\"text-align: center\"><a href=\"https:\/\/photos.app.goo.gl\/Ummryn2cFswAbh3d9\">DANSA 1r<\/a><\/p>\n<p style=\"text-align: center\"><a href=\"https:\/\/photos.app.goo.gl\/rpfikWp2NArszwG88\">DANSA 2N<\/a><\/p>\n<p style=\"text-align: center\"><a href=\"https:\/\/photos.app.goo.gl\/sZdjDKUv7p8KrrpW8\">BALL CONJUNT<\/a><\/p>\n<p style=\"text-align: center\"><a href=\"https:\/\/photos.app.goo.gl\/eR1gJ89oeeTjN4oLA\">FI DE FESTA<\/a><\/p>\n","protected":false},"excerpt":{"rendered":"<p>Benvolgudes fam\u00edlies us hem trobat a faltar, tot i aix\u00ed, hem gaudit molt dels balls de Santa Cec\u00edlia.Aquestes s\u00f3n les danses que hem ballat.<\/p>\n<p>P3: el Joan Petit<br \/>\nP4 : El patatuf<br \/>\nP5: La dansa dels amics<br \/>\n1r: El petit vailet<br \/>\n2n: La solipanta<br \/>\nI , tot junts hem ballat una&hellip;  <a href=\"https:\/\/agora.xtec.cat\/escolacollserolacerdanyola\/ei3-ei4-ei5\/celebracio-santa-cecilia\/\" title=\"Read CELEBRACI\u00d3 DE LA FESTA DE SANTA  CEC\u00cdLIA\">Llegeix m\u00e9s\u00bb<\/a><\/p>\n","protected":false},"author":6,"featured_media":22722,"comment_status":"open","ping_status":"closed","sticky":false,"template":"","format":"standard","meta":{"_bbp_topic_count":0,"_bbp_reply_count":0,"_bbp_total_topic_count":0,"_bbp_total_reply_count":0,"_bbp_voice_count":0,"_bbp_anonymous_reply_count":0,"_bbp_topic_count_hidden":0,"_bbp_reply_count_hidden":0,"_bbp_forum_subforum_count":0,"footnotes":""},"categories":[10,11,2,3,8,9,5],"tags":[],"class_list":["post-22729","post","type-post","status-publish","format-standard","has-post-thumbnail","hentry","category-1r","category-2n","category-ei3-ei4-ei5","category-ei3","category-ei4","category-ei5","category-de-1r-a-6e"],"post_mailing_queue_ids":[],"_links":{"self":[{"href":"https:\/\/agora.xtec.cat\/escolacollserolacerdanyola\/wp-json\/wp\/v2\/posts\/22729","targetHints":{"allow":["GET"]}}],"collection":[{"href":"https:\/\/agora.xtec.cat\/escolacollserolacerdanyola\/wp-json\/wp\/v2\/posts"}],"about":[{"href":"https:\/\/agora.xtec.cat\/escolacollserolacerdanyola\/wp-json\/wp\/v2\/types\/post"}],"author":[{"embeddable":true,"href":"https:\/\/agora.xtec.cat\/escolacollserolacerdanyola\/wp-json\/wp\/v2\/users\/6"}],"replies":[{"embeddable":true,"href":"https:\/\/agora.xtec.cat\/escolacollserolacerdanyola\/wp-json\/wp\/v2\/comments?post=22729"}],"version-history":[{"count":3,"href":"https:\/\/agora.xtec.cat\/escolacollserolacerdanyola\/wp-json\/wp\/v2\/posts\/22729\/revisions"}],"predecessor-version":[{"id":22736,"href":"https:\/\/agora.xtec.cat\/escolacollserolacerdanyola\/wp-json\/wp\/v2\/posts\/22729\/revisions\/22736"}],"wp:featuredmedia":[{"embeddable":true,"href":"https:\/\/agora.xtec.cat\/escolacollserolacerdanyola\/wp-json\/wp\/v2\/media\/22722"}],"wp:attachment":[{"href":"https:\/\/agora.xtec.cat\/escolacollserolacerdanyola\/wp-json\/wp\/v2\/media?parent=22729"}],"wp:term":[{"taxonomy":"category","embeddable":true,"href":"https:\/\/agora.xtec.cat\/escolacollserolacerdanyola\/wp-json\/wp\/v2\/categories?post=22729"},{"taxonomy":"post_tag","embeddable":true,"href":"https:\/\/agora.xtec.cat\/escolacollserolacerdanyola\/wp-json\/wp\/v2\/tags?post=22729"}],"curies":[{"name":"wp","href":"https:\/\/api.w.org\/{rel}","templated":true}]}}