{"id":22700,"date":"2021-06-13T00:59:35","date_gmt":"2021-06-12T22:59:35","guid":{"rendered":"http:\/\/agora.xtec.cat\/escolacollserolacerdanyola\/?p=22700"},"modified":"2021-06-13T00:50:26","modified_gmt":"2021-06-12T22:50:26","slug":"manipulem-les-matematiques-2","status":"publish","type":"post","link":"https:\/\/agora.xtec.cat\/escolacollserolacerdanyola\/de-1r-a-6e\/2n\/manipulem-les-matematiques-2\/","title":{"rendered":"A 2n MANIPULEM LES MATEM\u00c0TIQUES !!"},"content":{"rendered":"<p>Els nens i les nenes de la classe dels superherois i les superhero\u00efnes estem treballant diferents conceptes matem\u00e0tics a partir de la manipulaci\u00f3 de materials diversos.<\/p>\n<p>Al primer trimestre vam treballar els cossos i les formes geom\u00e8triques amb objectes reals, peces magn\u00e8tiques de constru\u00efr, cubs apilables, cossos geom\u00e8trics de fusta, figures planes&#8230;.<\/p>\n<p>Amb aquests materials vam jugar a fer moltes construccions, a apilar-los, fer-los rodolar, a fer mandales&#8230;. i estem descobrint moltes qualitats i curiositats i resolent molts enigmes.<\/p>\n<p>Al segon trimestre hem treballat la simetria i el concepte de doble amb materials que teniem per la classe i que ja haviem fet servir al primer trimestre.<\/p>\n<p>Per treballar la simetria vam crear uns racons per on tots vam passar realitzant diferents activitats amb miralls, reglets, peces de lego, policubs&#8230; i vam aprofitar tamb\u00e9 el treball dels insects per adonar-nos que molts d&#8217;ells s\u00f3n sim\u00e8trics. Per \u00faltim, fent servir la papirofl\u00e8xia, vam treballar el concepte de simetria i eix de simetria\u00a0 i a la vegada vam passar una estona divertida creant un gat de paper.<\/p>\n<p>Hem comen\u00e7at el tercer trimestre iniciant-nos en la multiplicaci\u00f3 de forma manipulativa. Amb un material que ens agrada molt, els policubs, hem constru\u00eft rectangles de diferents proporcions amb 12, 18 i 20 peces. Aix\u00ed veiem que les files i columnes es repeteixen un cert nombre de vegades. Tamb\u00e9 amb els policubs hem constru\u00eft les taules de multiplicar del 2 i del 3.<\/p>\n<p>Aquest tercer trimestre tamb\u00e9 hem treballat el triple fent servir un llibre mirall amb una base en forma de cercle dividida en tres parts. I per acabar hem practicat la mesura de dist\u00e0ncies en metres i cent\u00edmetres fent volar avions de paper!!<\/p>\n<p>Aqu\u00ed teniu fotos d&#8217;algunes de les activitats que hem fet al llarg del curs:<\/p>\n<p><a href=\"https:\/\/photos.app.goo.gl\/s14Vf61DpsKTYqwb7\">COSSOS GEOM\u00c8TRICS<\/a><\/p>\n<p><a href=\"https:\/\/photos.app.goo.gl\/gCyeg7wZpSo8vn9b9\">RACONS DE SIMETRIA<\/a><\/p>\n<p><a href=\"https:\/\/photos.app.goo.gl\/SdJwQ5imTqLYqZjb8\">EL DOBLE<\/a><\/p>\n<p><a href=\"https:\/\/photos.app.goo.gl\/qQkm4Hbnf6RUmPy87\">CONSTRUCCI\u00d3 DE RECTANGLES AMB POLICUBS<\/a><\/p>\n<p><a href=\"https:\/\/photos.app.goo.gl\/yH9ygj3aF2Hr9GZF8\">EL TRIPLE<\/a><\/p>\n<p><a href=\"https:\/\/photos.app.goo.gl\/kCvEdk6ux3inKdH89\">MESUREM FENT VOLAR AVIONS DE PAPER<\/a><\/p>\n<p><a href=\"https:\/\/photos.app.goo.gl\/8PsfTjSw3uWmckL57\">CONSTRU\u00cfM LES TAULES DE MULTIPLICAR<\/a><\/p>\n<p>&nbsp;<\/p>\n","protected":false},"excerpt":{"rendered":"<p>Els nens i les nenes de la classe dels superherois i les superhero\u00efnes estem treballant diferents conceptes matem\u00e0tics a partir de la manipulaci\u00f3 de materials diversos.<br \/>\nAl primer trimestre vam treballar els cossos i les formes geom\u00e8triques amb objectes reals, peces magn\u00e8tiques de constru\u00efr, cubs apilables,&hellip;  <a href=\"https:\/\/agora.xtec.cat\/escolacollserolacerdanyola\/de-1r-a-6e\/2n\/manipulem-les-matematiques-2\/\" title=\"Read A 2n MANIPULEM LES MATEM\u00c0TIQUES !!\">Llegeix m\u00e9s\u00bb<\/a><\/p>\n","protected":false},"author":7,"featured_media":24494,"comment_status":"open","ping_status":"closed","sticky":false,"template":"","format":"standard","meta":{"_bbp_topic_count":0,"_bbp_reply_count":0,"_bbp_total_topic_count":0,"_bbp_total_reply_count":0,"_bbp_voice_count":0,"_bbp_anonymous_reply_count":0,"_bbp_topic_count_hidden":0,"_bbp_reply_count_hidden":0,"_bbp_forum_subforum_count":0,"footnotes":""},"categories":[11],"tags":[],"class_list":["post-22700","post","type-post","status-publish","format-standard","has-post-thumbnail","hentry","category-2n"],"post_mailing_queue_ids":[],"_links":{"self":[{"href":"https:\/\/agora.xtec.cat\/escolacollserolacerdanyola\/wp-json\/wp\/v2\/posts\/22700","targetHints":{"allow":["GET"]}}],"collection":[{"href":"https:\/\/agora.xtec.cat\/escolacollserolacerdanyola\/wp-json\/wp\/v2\/posts"}],"about":[{"href":"https:\/\/agora.xtec.cat\/escolacollserolacerdanyola\/wp-json\/wp\/v2\/types\/post"}],"author":[{"embeddable":true,"href":"https:\/\/agora.xtec.cat\/escolacollserolacerdanyola\/wp-json\/wp\/v2\/users\/7"}],"replies":[{"embeddable":true,"href":"https:\/\/agora.xtec.cat\/escolacollserolacerdanyola\/wp-json\/wp\/v2\/comments?post=22700"}],"version-history":[{"count":3,"href":"https:\/\/agora.xtec.cat\/escolacollserolacerdanyola\/wp-json\/wp\/v2\/posts\/22700\/revisions"}],"predecessor-version":[{"id":24493,"href":"https:\/\/agora.xtec.cat\/escolacollserolacerdanyola\/wp-json\/wp\/v2\/posts\/22700\/revisions\/24493"}],"wp:featuredmedia":[{"embeddable":true,"href":"https:\/\/agora.xtec.cat\/escolacollserolacerdanyola\/wp-json\/wp\/v2\/media\/24494"}],"wp:attachment":[{"href":"https:\/\/agora.xtec.cat\/escolacollserolacerdanyola\/wp-json\/wp\/v2\/media?parent=22700"}],"wp:term":[{"taxonomy":"category","embeddable":true,"href":"https:\/\/agora.xtec.cat\/escolacollserolacerdanyola\/wp-json\/wp\/v2\/categories?post=22700"},{"taxonomy":"post_tag","embeddable":true,"href":"https:\/\/agora.xtec.cat\/escolacollserolacerdanyola\/wp-json\/wp\/v2\/tags?post=22700"}],"curies":[{"name":"wp","href":"https:\/\/api.w.org\/{rel}","templated":true}]}}