{"id":22503,"date":"2020-11-11T20:29:32","date_gmt":"2020-11-11T19:29:32","guid":{"rendered":"http:\/\/agora.xtec.cat\/escolacollserolacerdanyola\/?p=22503"},"modified":"2020-12-12T19:54:27","modified_gmt":"2020-12-12T18:54:27","slug":"p3-som-la-classe-de","status":"publish","type":"post","link":"https:\/\/agora.xtec.cat\/escolacollserolacerdanyola\/ei3-ei4-ei5\/ei3\/p3-som-la-classe-de\/","title":{"rendered":"P3-SOM LA CLASSE DE&#8230;"},"content":{"rendered":"<p><span style=\"font-family: inherit;font-size: 1em\"><strong>Benvolgudes fam\u00edlies de P3<\/strong>, com ja us podeu imaginar <strong>SOM LA CLASSE DELS GATS I DE LES GATES!!<\/strong> Aqu\u00ed teniu un petit recull de fotografies de com ha anat tot el proc\u00e9s i de com els vostres fills i filles l\u2019han viscut. Esperem que gaudiu molt! Cliqueu a la foto dels gatets i veureu&#8230;<strong>MEUUUUUUUU!!!<\/strong><\/span><\/p>\n<p><a href=\"https:\/\/photos.app.goo.gl\/fGLruq1MNd1Kz9wG7\"><img loading=\"lazy\" decoding=\"async\" class=\"wp-image-22504 aligncenter\" src=\"https:\/\/agora.xtec.cat\/escolacollserolacerdanyola\/wp-content\/uploads\/usu1390\/2020\/11\/GRUP-FOTO-REDUIDA-1024x789.jpg\" alt=\"\" width=\"579\" height=\"446\" srcset=\"https:\/\/agora.xtec.cat\/escolacollserolacerdanyola\/wp-content\/uploads\/usu1390\/2020\/11\/GRUP-FOTO-REDUIDA-1024x789.jpg 1024w, https:\/\/agora.xtec.cat\/escolacollserolacerdanyola\/wp-content\/uploads\/usu1390\/2020\/11\/GRUP-FOTO-REDUIDA-300x231.jpg 300w, https:\/\/agora.xtec.cat\/escolacollserolacerdanyola\/wp-content\/uploads\/usu1390\/2020\/11\/GRUP-FOTO-REDUIDA-768x592.jpg 768w, https:\/\/agora.xtec.cat\/escolacollserolacerdanyola\/wp-content\/uploads\/usu1390\/2020\/11\/GRUP-FOTO-REDUIDA.jpg 1292w\" sizes=\"auto, (max-width: 579px) 100vw, 579px\" \/><\/a><\/p>\n","protected":false},"excerpt":{"rendered":"<p>Benvolgudes fam\u00edlies de P3, com ja us podeu imaginar SOM LA CLASSE DELS GATS I DE LES GATES!! Aqu\u00ed teniu un petit recull de fotografies de com ha anat tot el proc\u00e9s i de com els vostres fills i filles l\u2019han viscut. Esperem que gaudiu&hellip;  <a href=\"https:\/\/agora.xtec.cat\/escolacollserolacerdanyola\/ei3-ei4-ei5\/ei3\/p3-som-la-classe-de\/\" title=\"Read P3-SOM LA CLASSE DE&#8230;\">Llegeix m\u00e9s\u00bb<\/a><\/p>\n","protected":false},"author":6,"featured_media":0,"comment_status":"open","ping_status":"closed","sticky":false,"template":"","format":"standard","meta":{"_bbp_topic_count":0,"_bbp_reply_count":0,"_bbp_total_topic_count":0,"_bbp_total_reply_count":0,"_bbp_voice_count":0,"_bbp_anonymous_reply_count":0,"_bbp_topic_count_hidden":0,"_bbp_reply_count_hidden":0,"_bbp_forum_subforum_count":0,"footnotes":""},"categories":[3],"tags":[],"class_list":["post-22503","post","type-post","status-publish","format-standard","hentry","category-ei3"],"post_mailing_queue_ids":[],"_links":{"self":[{"href":"https:\/\/agora.xtec.cat\/escolacollserolacerdanyola\/wp-json\/wp\/v2\/posts\/22503","targetHints":{"allow":["GET"]}}],"collection":[{"href":"https:\/\/agora.xtec.cat\/escolacollserolacerdanyola\/wp-json\/wp\/v2\/posts"}],"about":[{"href":"https:\/\/agora.xtec.cat\/escolacollserolacerdanyola\/wp-json\/wp\/v2\/types\/post"}],"author":[{"embeddable":true,"href":"https:\/\/agora.xtec.cat\/escolacollserolacerdanyola\/wp-json\/wp\/v2\/users\/6"}],"replies":[{"embeddable":true,"href":"https:\/\/agora.xtec.cat\/escolacollserolacerdanyola\/wp-json\/wp\/v2\/comments?post=22503"}],"version-history":[{"count":2,"href":"https:\/\/agora.xtec.cat\/escolacollserolacerdanyola\/wp-json\/wp\/v2\/posts\/22503\/revisions"}],"predecessor-version":[{"id":22864,"href":"https:\/\/agora.xtec.cat\/escolacollserolacerdanyola\/wp-json\/wp\/v2\/posts\/22503\/revisions\/22864"}],"wp:attachment":[{"href":"https:\/\/agora.xtec.cat\/escolacollserolacerdanyola\/wp-json\/wp\/v2\/media?parent=22503"}],"wp:term":[{"taxonomy":"category","embeddable":true,"href":"https:\/\/agora.xtec.cat\/escolacollserolacerdanyola\/wp-json\/wp\/v2\/categories?post=22503"},{"taxonomy":"post_tag","embeddable":true,"href":"https:\/\/agora.xtec.cat\/escolacollserolacerdanyola\/wp-json\/wp\/v2\/tags?post=22503"}],"curies":[{"name":"wp","href":"https:\/\/api.w.org\/{rel}","templated":true}]}}