{"id":22457,"date":"2020-11-06T12:05:03","date_gmt":"2020-11-06T11:05:03","guid":{"rendered":"http:\/\/agora.xtec.cat\/escolacollserolacerdanyola\/?p=22457"},"modified":"2020-11-09T16:10:51","modified_gmt":"2020-11-09T15:10:51","slug":"dibuix-de-tardor-el-codonyer","status":"publish","type":"post","link":"https:\/\/agora.xtec.cat\/escolacollserolacerdanyola\/de-1r-a-6e\/2n\/dibuix-de-tardor-el-codonyer\/","title":{"rendered":"Dibuix de tardor:  El codonyer"},"content":{"rendered":"<p>Els nens i nenes de la classe dels Superherois i les Superhero\u00efnes hem fet una visita a l&#8217;hort de l&#8217;escola per observar i dibuixar un arbre fruiter molt especial que tenim i que d\u00f3na els seus fruits ara a la Tardor. Es tracta del codonyer.<\/p>\n<p>Hem averiguat que d\u00f3na uns fruits de forma arrodinida i de color groc que es diuen CODONYS. Amb aquests fruits es pot fer un menjar dol\u00e7 molt bo: el codonyat.<\/p>\n<p>Ens hem fixat\u00a0 tamb\u00e9 en la forma de les seves fulles, com s\u00f3n el seu tronc i les seves branques, els colors que t\u00e9&#8230;. i l&#8217;hem dibuixat al natural.<\/p>\n<p>A la classe hem escoltat una can\u00e7\u00f3 per saber les parts i qu\u00e8 necessiten les plantes per cr\u00e8ixer: https:\/\/www.youtube.com\/watch?v=pxYN8arzbqM<\/p>\n<p>&nbsp;<\/p>\n<p>Aqu\u00ed teniu un recull de fotos de l&#8217;activitat. Esperem que us agradin.<\/p>\n<p><a href=\"https:\/\/photos.app.goo.gl\/wyc9z2Q88PQpCHwQ6\">Dibuix de Tardor: el codonyer.<\/a><\/p>\n<p><img loading=\"lazy\" decoding=\"async\" class=\"aligncenter\" src=\"https:\/\/lh3.googleusercontent.com\/pw\/ACtC-3cZLb6ONmvXwa1RBgNBKFx-ci-f-pSp3p_yd_m__A_oCqVWGpDGPt_RlemrkjmuZj22UqYPV3FrxZZEyvhWNq9OHyy5bwa_ECzK51CUeJAnTbmVA19HR27qJQkaoeSUULTwhVvhe9vFq98VUQ6Ghysv=w976-h732-no?authuser=0\" alt=\"\" width=\"390\" height=\"292\" \/><\/p>\n","protected":false},"excerpt":{"rendered":"<p>Els nens i nenes de la classe dels Superherois i les Superhero\u00efnes hem fet una visita a l&#8217;hort de l&#8217;escola per observar i dibuixar un arbre fruiter molt especial que tenim i que d\u00f3na els seus fruits ara a la Tardor. Es tracta del codonyer.<br \/>\nHem&hellip;  <a href=\"https:\/\/agora.xtec.cat\/escolacollserolacerdanyola\/de-1r-a-6e\/2n\/dibuix-de-tardor-el-codonyer\/\" title=\"Read Dibuix de tardor:  El codonyer\">Llegeix m\u00e9s\u00bb<\/a><\/p>\n","protected":false},"author":7,"featured_media":22459,"comment_status":"open","ping_status":"closed","sticky":false,"template":"","format":"standard","meta":{"_bbp_topic_count":0,"_bbp_reply_count":0,"_bbp_total_topic_count":0,"_bbp_total_reply_count":0,"_bbp_voice_count":0,"_bbp_anonymous_reply_count":0,"_bbp_topic_count_hidden":0,"_bbp_reply_count_hidden":0,"_bbp_forum_subforum_count":0,"footnotes":""},"categories":[11],"tags":[],"class_list":["post-22457","post","type-post","status-publish","format-standard","has-post-thumbnail","hentry","category-2n"],"post_mailing_queue_ids":[],"_links":{"self":[{"href":"https:\/\/agora.xtec.cat\/escolacollserolacerdanyola\/wp-json\/wp\/v2\/posts\/22457","targetHints":{"allow":["GET"]}}],"collection":[{"href":"https:\/\/agora.xtec.cat\/escolacollserolacerdanyola\/wp-json\/wp\/v2\/posts"}],"about":[{"href":"https:\/\/agora.xtec.cat\/escolacollserolacerdanyola\/wp-json\/wp\/v2\/types\/post"}],"author":[{"embeddable":true,"href":"https:\/\/agora.xtec.cat\/escolacollserolacerdanyola\/wp-json\/wp\/v2\/users\/7"}],"replies":[{"embeddable":true,"href":"https:\/\/agora.xtec.cat\/escolacollserolacerdanyola\/wp-json\/wp\/v2\/comments?post=22457"}],"version-history":[{"count":3,"href":"https:\/\/agora.xtec.cat\/escolacollserolacerdanyola\/wp-json\/wp\/v2\/posts\/22457\/revisions"}],"predecessor-version":[{"id":22496,"href":"https:\/\/agora.xtec.cat\/escolacollserolacerdanyola\/wp-json\/wp\/v2\/posts\/22457\/revisions\/22496"}],"wp:featuredmedia":[{"embeddable":true,"href":"https:\/\/agora.xtec.cat\/escolacollserolacerdanyola\/wp-json\/wp\/v2\/media\/22459"}],"wp:attachment":[{"href":"https:\/\/agora.xtec.cat\/escolacollserolacerdanyola\/wp-json\/wp\/v2\/media?parent=22457"}],"wp:term":[{"taxonomy":"category","embeddable":true,"href":"https:\/\/agora.xtec.cat\/escolacollserolacerdanyola\/wp-json\/wp\/v2\/categories?post=22457"},{"taxonomy":"post_tag","embeddable":true,"href":"https:\/\/agora.xtec.cat\/escolacollserolacerdanyola\/wp-json\/wp\/v2\/tags?post=22457"}],"curies":[{"name":"wp","href":"https:\/\/api.w.org\/{rel}","templated":true}]}}