{"id":22408,"date":"2020-11-01T10:06:02","date_gmt":"2020-11-01T09:06:02","guid":{"rendered":"http:\/\/agora.xtec.cat\/escolacollserolacerdanyola\/?p=22408"},"modified":"2020-11-01T17:34:44","modified_gmt":"2020-11-01T16:34:44","slug":"esmorzar-terrorific-halloween-6e","status":"publish","type":"post","link":"https:\/\/agora.xtec.cat\/escolacollserolacerdanyola\/de-1r-a-6e\/6e\/esmorzar-terrorific-halloween-6e\/","title":{"rendered":"Esmorzar terror\u00edfic Halloween 6\u00e8"},"content":{"rendered":"<p>Divendres 30 d&#8217;octubre els alumnes han portat uns esmorzars d&#8217;all\u00f2 m\u00e9s terror\u00edfics!<\/p>\n<p><a href=\"https:\/\/photos.app.goo.gl\/kD1TXTJoKJReGunh8\">Fotos dels esmorzars de 6\u00e8<\/a><\/p>\n","protected":false},"excerpt":{"rendered":"<p>Divendres 30 d&#8217;octubre els alumnes han portat uns esmorzars d&#8217;all\u00f2 m\u00e9s terror\u00edfics!<br \/>\n<a href=\"https:\/\/photos.app.goo.gl\/kD1TXTJoKJReGunh8\">Fotos dels esmorzars de 6\u00e8<\/a><\/p>\n","protected":false},"author":9,"featured_media":22421,"comment_status":"open","ping_status":"closed","sticky":false,"template":"","format":"standard","meta":{"_bbp_topic_count":0,"_bbp_reply_count":0,"_bbp_total_topic_count":0,"_bbp_total_reply_count":0,"_bbp_voice_count":0,"_bbp_anonymous_reply_count":0,"_bbp_topic_count_hidden":0,"_bbp_reply_count_hidden":0,"_bbp_forum_subforum_count":0,"footnotes":""},"categories":[15],"tags":[99,177],"class_list":["post-22408","post","type-post","status-publish","format-standard","has-post-thumbnail","hentry","category-6e","tag-cicle-superior","tag-halloween"],"post_mailing_queue_ids":[],"_links":{"self":[{"href":"https:\/\/agora.xtec.cat\/escolacollserolacerdanyola\/wp-json\/wp\/v2\/posts\/22408","targetHints":{"allow":["GET"]}}],"collection":[{"href":"https:\/\/agora.xtec.cat\/escolacollserolacerdanyola\/wp-json\/wp\/v2\/posts"}],"about":[{"href":"https:\/\/agora.xtec.cat\/escolacollserolacerdanyola\/wp-json\/wp\/v2\/types\/post"}],"author":[{"embeddable":true,"href":"https:\/\/agora.xtec.cat\/escolacollserolacerdanyola\/wp-json\/wp\/v2\/users\/9"}],"replies":[{"embeddable":true,"href":"https:\/\/agora.xtec.cat\/escolacollserolacerdanyola\/wp-json\/wp\/v2\/comments?post=22408"}],"version-history":[{"count":1,"href":"https:\/\/agora.xtec.cat\/escolacollserolacerdanyola\/wp-json\/wp\/v2\/posts\/22408\/revisions"}],"predecessor-version":[{"id":22409,"href":"https:\/\/agora.xtec.cat\/escolacollserolacerdanyola\/wp-json\/wp\/v2\/posts\/22408\/revisions\/22409"}],"wp:featuredmedia":[{"embeddable":true,"href":"https:\/\/agora.xtec.cat\/escolacollserolacerdanyola\/wp-json\/wp\/v2\/media\/22421"}],"wp:attachment":[{"href":"https:\/\/agora.xtec.cat\/escolacollserolacerdanyola\/wp-json\/wp\/v2\/media?parent=22408"}],"wp:term":[{"taxonomy":"category","embeddable":true,"href":"https:\/\/agora.xtec.cat\/escolacollserolacerdanyola\/wp-json\/wp\/v2\/categories?post=22408"},{"taxonomy":"post_tag","embeddable":true,"href":"https:\/\/agora.xtec.cat\/escolacollserolacerdanyola\/wp-json\/wp\/v2\/tags?post=22408"}],"curies":[{"name":"wp","href":"https:\/\/api.w.org\/{rel}","templated":true}]}}