{"id":22230,"date":"2020-10-02T14:15:16","date_gmt":"2020-10-02T12:15:16","guid":{"rendered":"http:\/\/agora.xtec.cat\/escolacollserolacerdanyola\/?p=22230"},"modified":"2020-10-02T14:28:13","modified_gmt":"2020-10-02T12:28:13","slug":"els-primers-dies-descola-a-p-3","status":"publish","type":"post","link":"https:\/\/agora.xtec.cat\/escolacollserolacerdanyola\/ei3-ei4-ei5\/ei3\/els-primers-dies-descola-a-p-3\/","title":{"rendered":"Els primers dies d&#8217;escola a P-3!"},"content":{"rendered":"<p><a href=\"https:\/\/agora.xtec.cat\/escolacollserolacerdanyola\/wp-content\/uploads\/usu1390\/2020\/10\/Imagen1.jpg\"><img loading=\"lazy\" decoding=\"async\" class=\"alignnone size-full wp-image-22231\" src=\"https:\/\/agora.xtec.cat\/escolacollserolacerdanyola\/wp-content\/uploads\/usu1390\/2020\/10\/Imagen1.jpg\" alt=\"\" width=\"494\" height=\"259\" srcset=\"https:\/\/agora.xtec.cat\/escolacollserolacerdanyola\/wp-content\/uploads\/usu1390\/2020\/10\/Imagen1.jpg 494w, https:\/\/agora.xtec.cat\/escolacollserolacerdanyola\/wp-content\/uploads\/usu1390\/2020\/10\/Imagen1-300x157.jpg 300w\" sizes=\"auto, (max-width: 494px) 100vw, 494px\" \/><\/a><\/p>\n<p>Hola fam\u00edlies!<\/p>\n<p>Voleu veure com han estat els primers dies d&#8217;escola dels nens i nenes de P-3?<\/p>\n<p>Cliqueu a l&#8217;enlla\u00e7 seg\u00fcent per accedir al v\u00eddeo!<\/p>\n<p><a href=\"https:\/\/photos.app.goo.gl\/hjHhHqCCERMK7Nw88\">https:\/\/photos.app.goo.gl\/hjHhHqCCERMK7Nw88<\/a><\/p>\n","protected":false},"excerpt":{"rendered":"<p><a href=\"https:\/\/agora.xtec.cat\/escolacollserolacerdanyola\/wp-content\/uploads\/usu1390\/2020\/10\/Imagen1.jpg\"><\/a><br \/>\nHola fam\u00edlies!<br \/>\nVoleu veure com han estat els primers dies d&#8217;escola dels nens i nenes de P-3?<br \/>\nCliqueu a l&#8217;enlla\u00e7 seg\u00fcent per accedir al v\u00eddeo!<br \/>\n<a href=\"https:\/\/photos.app.goo.gl\/hjHhHqCCERMK7Nw88\">https:\/\/photos.app.goo.gl\/hjHhHqCCERMK7Nw88<\/a><\/p>\n","protected":false},"author":6,"featured_media":22231,"comment_status":"open","ping_status":"closed","sticky":false,"template":"","format":"standard","meta":{"_bbp_topic_count":0,"_bbp_reply_count":0,"_bbp_total_topic_count":0,"_bbp_total_reply_count":0,"_bbp_voice_count":0,"_bbp_anonymous_reply_count":0,"_bbp_topic_count_hidden":0,"_bbp_reply_count_hidden":0,"_bbp_forum_subforum_count":0,"footnotes":""},"categories":[3],"tags":[],"class_list":["post-22230","post","type-post","status-publish","format-standard","has-post-thumbnail","hentry","category-ei3"],"post_mailing_queue_ids":[],"_links":{"self":[{"href":"https:\/\/agora.xtec.cat\/escolacollserolacerdanyola\/wp-json\/wp\/v2\/posts\/22230","targetHints":{"allow":["GET"]}}],"collection":[{"href":"https:\/\/agora.xtec.cat\/escolacollserolacerdanyola\/wp-json\/wp\/v2\/posts"}],"about":[{"href":"https:\/\/agora.xtec.cat\/escolacollserolacerdanyola\/wp-json\/wp\/v2\/types\/post"}],"author":[{"embeddable":true,"href":"https:\/\/agora.xtec.cat\/escolacollserolacerdanyola\/wp-json\/wp\/v2\/users\/6"}],"replies":[{"embeddable":true,"href":"https:\/\/agora.xtec.cat\/escolacollserolacerdanyola\/wp-json\/wp\/v2\/comments?post=22230"}],"version-history":[{"count":3,"href":"https:\/\/agora.xtec.cat\/escolacollserolacerdanyola\/wp-json\/wp\/v2\/posts\/22230\/revisions"}],"predecessor-version":[{"id":22242,"href":"https:\/\/agora.xtec.cat\/escolacollserolacerdanyola\/wp-json\/wp\/v2\/posts\/22230\/revisions\/22242"}],"wp:featuredmedia":[{"embeddable":true,"href":"https:\/\/agora.xtec.cat\/escolacollserolacerdanyola\/wp-json\/wp\/v2\/media\/22231"}],"wp:attachment":[{"href":"https:\/\/agora.xtec.cat\/escolacollserolacerdanyola\/wp-json\/wp\/v2\/media?parent=22230"}],"wp:term":[{"taxonomy":"category","embeddable":true,"href":"https:\/\/agora.xtec.cat\/escolacollserolacerdanyola\/wp-json\/wp\/v2\/categories?post=22230"},{"taxonomy":"post_tag","embeddable":true,"href":"https:\/\/agora.xtec.cat\/escolacollserolacerdanyola\/wp-json\/wp\/v2\/tags?post=22230"}],"curies":[{"name":"wp","href":"https:\/\/api.w.org\/{rel}","templated":true}]}}