{"id":22148,"date":"2020-06-26T18:33:13","date_gmt":"2020-06-26T16:33:13","guid":{"rendered":"http:\/\/agora.xtec.cat\/escolacollserolacerdanyola\/?p=22148"},"modified":"2020-06-26T18:33:13","modified_gmt":"2020-06-26T16:33:13","slug":"som-la-classe-de-les-guineus","status":"publish","type":"post","link":"https:\/\/agora.xtec.cat\/escolacollserolacerdanyola\/de-1r-a-6e\/1r\/som-la-classe-de-les-guineus\/","title":{"rendered":"SOM LA CLASSE DE LES GUINEUS"},"content":{"rendered":"<p>Aquest curs els nens i les nenes de 1r vam decidir que el nom de la nostra classe seria &#8220;Les guineus&#8221;. Per escollir-ho vam buscar informaci\u00f3 de diferents animals de bosc i cadasc\u00fa va votar el que m\u00e9s li agradava. A partir del nom de la classe, vam iniciar un projecte de treball que no vam poder acabar&#8230;.Per\u00f2 vam investigar i aprendre molt\u00edssimes coses!!!<\/p>\n<p>Aqu\u00ed teniu un petit recull de fotos d&#8217;algunes de les activitats que hem realitzat! Esperem que us agradin!<\/p>\n<p><a href=\"https:\/\/photos.app.goo.gl\/XvUExztPf4e5Roz49\">SOM LA CLASSE DE LES GUINEUS<\/a><\/p>\n<p>&nbsp;<\/p>\n","protected":false},"excerpt":{"rendered":"<p>Aquest curs els nens i les nenes de 1r vam decidir que el nom de la nostra classe seria &#8220;Les guineus&#8221;. Per escollir-ho vam buscar informaci\u00f3 de diferents animals de bosc i cadasc\u00fa va votar el que m\u00e9s li agradava. A partir del nom de&hellip;  <a href=\"https:\/\/agora.xtec.cat\/escolacollserolacerdanyola\/de-1r-a-6e\/1r\/som-la-classe-de-les-guineus\/\" title=\"Read SOM LA CLASSE DE LES GUINEUS\">Llegeix m\u00e9s\u00bb<\/a><\/p>\n","protected":false},"author":7,"featured_media":0,"comment_status":"open","ping_status":"closed","sticky":false,"template":"","format":"standard","meta":{"_bbp_topic_count":0,"_bbp_reply_count":0,"_bbp_total_topic_count":0,"_bbp_total_reply_count":0,"_bbp_voice_count":0,"_bbp_anonymous_reply_count":0,"_bbp_topic_count_hidden":0,"_bbp_reply_count_hidden":0,"_bbp_forum_subforum_count":0,"footnotes":""},"categories":[10],"tags":[],"class_list":["post-22148","post","type-post","status-publish","format-standard","hentry","category-1r"],"post_mailing_queue_ids":[],"_links":{"self":[{"href":"https:\/\/agora.xtec.cat\/escolacollserolacerdanyola\/wp-json\/wp\/v2\/posts\/22148","targetHints":{"allow":["GET"]}}],"collection":[{"href":"https:\/\/agora.xtec.cat\/escolacollserolacerdanyola\/wp-json\/wp\/v2\/posts"}],"about":[{"href":"https:\/\/agora.xtec.cat\/escolacollserolacerdanyola\/wp-json\/wp\/v2\/types\/post"}],"author":[{"embeddable":true,"href":"https:\/\/agora.xtec.cat\/escolacollserolacerdanyola\/wp-json\/wp\/v2\/users\/7"}],"replies":[{"embeddable":true,"href":"https:\/\/agora.xtec.cat\/escolacollserolacerdanyola\/wp-json\/wp\/v2\/comments?post=22148"}],"version-history":[{"count":1,"href":"https:\/\/agora.xtec.cat\/escolacollserolacerdanyola\/wp-json\/wp\/v2\/posts\/22148\/revisions"}],"predecessor-version":[{"id":22149,"href":"https:\/\/agora.xtec.cat\/escolacollserolacerdanyola\/wp-json\/wp\/v2\/posts\/22148\/revisions\/22149"}],"wp:attachment":[{"href":"https:\/\/agora.xtec.cat\/escolacollserolacerdanyola\/wp-json\/wp\/v2\/media?parent=22148"}],"wp:term":[{"taxonomy":"category","embeddable":true,"href":"https:\/\/agora.xtec.cat\/escolacollserolacerdanyola\/wp-json\/wp\/v2\/categories?post=22148"},{"taxonomy":"post_tag","embeddable":true,"href":"https:\/\/agora.xtec.cat\/escolacollserolacerdanyola\/wp-json\/wp\/v2\/tags?post=22148"}],"curies":[{"name":"wp","href":"https:\/\/api.w.org\/{rel}","templated":true}]}}