{"id":22145,"date":"2020-06-26T18:22:34","date_gmt":"2020-06-26T16:22:34","guid":{"rendered":"http:\/\/agora.xtec.cat\/escolacollserolacerdanyola\/?p=22145"},"modified":"2020-06-26T19:01:31","modified_gmt":"2020-06-26T17:01:31","slug":"manipulem-les-matematiques","status":"publish","type":"post","link":"https:\/\/agora.xtec.cat\/escolacollserolacerdanyola\/de-1r-a-6e\/1r\/manipulem-les-matematiques\/","title":{"rendered":"Manipulem les matem\u00e0tiques"},"content":{"rendered":"<p>Les matem\u00e0tiques estan presents a bona part de la nostra vida i moltes vegades fem matem\u00e0tiques sense adonar-nos:\u00a0 quan fem una recepta, pleguem la roba i la guardem, anem cap a un carrer seguint unes indicacions o un mapa, piquem a l&#8217;ascensor&#8230;.<\/p>\n<p>A l&#8217;escola fem moltes matem\u00e0tiques tamb\u00e9 i sobretot ens agrada manipular-les: apilant, mesurant, ajuntant i separant, calculant, dibuixant&#8230;.<\/p>\n<p>Aqu\u00ed teniu un petit recull de fotos d&#8217;algunes activitats que hem fem manipulatives per treballar la descomposici\u00f3, la desena i la mesura amb materials diferents. Vam aprendre molt i ens ho vam passar molt b\u00e9!<\/p>\n<p>&nbsp;<\/p>\n<p><a href=\"https:\/\/photos.app.goo.gl\/GHEBTyFVLYkJPEMV8\">MANIPULEM LES MATEM\u00c0TIQUES<\/a><\/p>\n","protected":false},"excerpt":{"rendered":"<p>Les matem\u00e0tiques estan presents a bona part de la nostra vida i moltes vegades fem matem\u00e0tiques sense adonar-nos:\u00a0 quan fem una recepta, pleguem la roba i la guardem, anem cap a un carrer seguint unes indicacions o un mapa, piquem a l&#8217;ascensor&#8230;.<br \/>\nA l&#8217;escola fem moltes&hellip;  <a href=\"https:\/\/agora.xtec.cat\/escolacollserolacerdanyola\/de-1r-a-6e\/1r\/manipulem-les-matematiques\/\" title=\"Read Manipulem les matem\u00e0tiques\">Llegeix m\u00e9s\u00bb<\/a><\/p>\n","protected":false},"author":7,"featured_media":0,"comment_status":"open","ping_status":"closed","sticky":false,"template":"","format":"standard","meta":{"_bbp_topic_count":0,"_bbp_reply_count":0,"_bbp_total_topic_count":0,"_bbp_total_reply_count":0,"_bbp_voice_count":0,"_bbp_anonymous_reply_count":0,"_bbp_topic_count_hidden":0,"_bbp_reply_count_hidden":0,"_bbp_forum_subforum_count":0,"footnotes":""},"categories":[10],"tags":[],"class_list":["post-22145","post","type-post","status-publish","format-standard","hentry","category-1r"],"post_mailing_queue_ids":[],"_links":{"self":[{"href":"https:\/\/agora.xtec.cat\/escolacollserolacerdanyola\/wp-json\/wp\/v2\/posts\/22145","targetHints":{"allow":["GET"]}}],"collection":[{"href":"https:\/\/agora.xtec.cat\/escolacollserolacerdanyola\/wp-json\/wp\/v2\/posts"}],"about":[{"href":"https:\/\/agora.xtec.cat\/escolacollserolacerdanyola\/wp-json\/wp\/v2\/types\/post"}],"author":[{"embeddable":true,"href":"https:\/\/agora.xtec.cat\/escolacollserolacerdanyola\/wp-json\/wp\/v2\/users\/7"}],"replies":[{"embeddable":true,"href":"https:\/\/agora.xtec.cat\/escolacollserolacerdanyola\/wp-json\/wp\/v2\/comments?post=22145"}],"version-history":[{"count":1,"href":"https:\/\/agora.xtec.cat\/escolacollserolacerdanyola\/wp-json\/wp\/v2\/posts\/22145\/revisions"}],"predecessor-version":[{"id":22146,"href":"https:\/\/agora.xtec.cat\/escolacollserolacerdanyola\/wp-json\/wp\/v2\/posts\/22145\/revisions\/22146"}],"wp:attachment":[{"href":"https:\/\/agora.xtec.cat\/escolacollserolacerdanyola\/wp-json\/wp\/v2\/media?parent=22145"}],"wp:term":[{"taxonomy":"category","embeddable":true,"href":"https:\/\/agora.xtec.cat\/escolacollserolacerdanyola\/wp-json\/wp\/v2\/categories?post=22145"},{"taxonomy":"post_tag","embeddable":true,"href":"https:\/\/agora.xtec.cat\/escolacollserolacerdanyola\/wp-json\/wp\/v2\/tags?post=22145"}],"curies":[{"name":"wp","href":"https:\/\/api.w.org\/{rel}","templated":true}]}}