{"id":21841,"date":"2020-05-18T10:23:17","date_gmt":"2020-05-18T08:23:17","guid":{"rendered":"http:\/\/agora.xtec.cat\/escolacollserolacerdanyola\/?p=21841"},"modified":"2020-05-18T10:30:22","modified_gmt":"2020-05-18T08:30:22","slug":"india-school-to-school","status":"publish","type":"post","link":"https:\/\/agora.xtec.cat\/escolacollserolacerdanyola\/de-1r-a-6e\/3r\/india-school-to-school\/","title":{"rendered":"\u00cdNDIA: School to School"},"content":{"rendered":"<p><a href=\"https:\/\/photos.app.goo.gl\/pbDuBSfzpG7xGAXZ7\">Clima i estacions<\/a><\/p>\n<p><a href=\"https:\/\/photos.app.goo.gl\/K6LzjKv64SY8tgFT8\">Rosa dels vents<\/a><\/p>\n<p>Aquest curs la participaci\u00f3 al programa School to Schol de la Fundaci\u00f3 Vicente Ferrer, tractava sobre el medi on est\u00e0 l&#8217;escola i casa nostra. Entre 3r i 4t vam preparar la informaci\u00f3 per enviar a l&#8217;escola de la \u00cdndia. L&#8217;escola d&#8217;all\u00e0 es diu Andhra Pradesh i est\u00e0 a la zona d&#8217;Anantapur.<\/p>\n<p>A 3r vam fer un recull dels animals de Catalunya (angl\u00e8s), un estudi comparatiu del nostre clima i del de l&#8217;\u00cdndia (tutora i alumna de pr\u00e0ctiques de la UAB). Per fer tot aix\u00f2 les activitats han sigut molt diverses:<\/p>\n<ul style=\"list-style-type: disc\">\n<li>Fitxes dels animals a l&#8217;Aula d&#8217;Inform\u00e0tica amb l&#8217;ajuda dels companys\/es de 6\u00e8.<\/li>\n<li>Lectures i v\u00eddeos. Contrastar les informacions per equips.<\/li>\n<li>Kahoot per equips sobre el clima.<\/li>\n<li>Collage sobre les estacions.<\/li>\n<li>Fer servir la br\u00faixola al pati, trobar el nord ?, dibuixar la rosa dels vents, apuntar els punts cardinals i escriure el nom dels vents.<\/li>\n<\/ul>\n<p>De tot vam fer un \u00e0lbum (all\u00e0 no poden rebre material audiovisual o inform\u00e0tic) i el vam enviar al febrer. L&#8217;alumnat d&#8217;aquesta escola tamb\u00e9 ens ha enviat un \u00e0lbum amb informaci\u00f3 similar de la seva zona.<\/p>\n<p>La Fundaci\u00f3 Vicente Ferrer ens ha informat que amb la situaci\u00f3 actual els \u00e0lbums estan a les oficines (el nostre a l&#8217;\u00cdndia i el de l&#8217;\u00cdndia aqu\u00ed) i no s&#8217;han pogut intercanviar. A part all\u00e0 \u00e9s estiu i les escoles estan de vacances des del 23 d&#8217;abril fins a meitats de juny (per\u00f2 segurament continuaran tot l&#8217;agost). O sigui que, segurament, podrem veure el material que ens han enviat al setembre.?<\/p>\n<p>&nbsp;<\/p>\n<p>&nbsp;<\/p>\n","protected":false},"excerpt":{"rendered":"<p><a href=\"https:\/\/photos.app.goo.gl\/pbDuBSfzpG7xGAXZ7\">Clima i estacions<\/a><br \/>\n<a href=\"https:\/\/photos.app.goo.gl\/K6LzjKv64SY8tgFT8\">Rosa dels vents<\/a><br \/>\nAquest curs la participaci\u00f3 al programa School to Schol de la Fundaci\u00f3 Vicente Ferrer, tractava sobre el medi on est\u00e0 l&#8217;escola i casa nostra. Entre 3r i 4t vam preparar la informaci\u00f3 per enviar a l&#8217;escola de la \u00cdndia.&hellip;  <a href=\"https:\/\/agora.xtec.cat\/escolacollserolacerdanyola\/de-1r-a-6e\/3r\/india-school-to-school\/\" title=\"Read \u00cdNDIA: School to School\">Llegeix m\u00e9s\u00bb<\/a><\/p>\n","protected":false},"author":8,"featured_media":21842,"comment_status":"open","ping_status":"closed","sticky":false,"template":"","format":"standard","meta":{"_bbp_topic_count":0,"_bbp_reply_count":0,"_bbp_total_topic_count":0,"_bbp_total_reply_count":0,"_bbp_voice_count":0,"_bbp_anonymous_reply_count":0,"_bbp_topic_count_hidden":0,"_bbp_reply_count_hidden":0,"_bbp_forum_subforum_count":0,"footnotes":""},"categories":[12,85],"tags":[592],"class_list":["post-21841","post","type-post","status-publish","format-standard","has-post-thumbnail","hentry","category-3r","category-mitjans","tag-3r-cicle-mitja"],"post_mailing_queue_ids":[],"_links":{"self":[{"href":"https:\/\/agora.xtec.cat\/escolacollserolacerdanyola\/wp-json\/wp\/v2\/posts\/21841","targetHints":{"allow":["GET"]}}],"collection":[{"href":"https:\/\/agora.xtec.cat\/escolacollserolacerdanyola\/wp-json\/wp\/v2\/posts"}],"about":[{"href":"https:\/\/agora.xtec.cat\/escolacollserolacerdanyola\/wp-json\/wp\/v2\/types\/post"}],"author":[{"embeddable":true,"href":"https:\/\/agora.xtec.cat\/escolacollserolacerdanyola\/wp-json\/wp\/v2\/users\/8"}],"replies":[{"embeddable":true,"href":"https:\/\/agora.xtec.cat\/escolacollserolacerdanyola\/wp-json\/wp\/v2\/comments?post=21841"}],"version-history":[{"count":2,"href":"https:\/\/agora.xtec.cat\/escolacollserolacerdanyola\/wp-json\/wp\/v2\/posts\/21841\/revisions"}],"predecessor-version":[{"id":21844,"href":"https:\/\/agora.xtec.cat\/escolacollserolacerdanyola\/wp-json\/wp\/v2\/posts\/21841\/revisions\/21844"}],"wp:featuredmedia":[{"embeddable":true,"href":"https:\/\/agora.xtec.cat\/escolacollserolacerdanyola\/wp-json\/wp\/v2\/media\/21842"}],"wp:attachment":[{"href":"https:\/\/agora.xtec.cat\/escolacollserolacerdanyola\/wp-json\/wp\/v2\/media?parent=21841"}],"wp:term":[{"taxonomy":"category","embeddable":true,"href":"https:\/\/agora.xtec.cat\/escolacollserolacerdanyola\/wp-json\/wp\/v2\/categories?post=21841"},{"taxonomy":"post_tag","embeddable":true,"href":"https:\/\/agora.xtec.cat\/escolacollserolacerdanyola\/wp-json\/wp\/v2\/tags?post=21841"}],"curies":[{"name":"wp","href":"https:\/\/api.w.org\/{rel}","templated":true}]}}