{"id":21610,"date":"2020-05-04T23:37:12","date_gmt":"2020-05-04T21:37:12","guid":{"rendered":"http:\/\/agora.xtec.cat\/escolacollserolacerdanyola\/?p=21610"},"modified":"2020-05-13T20:09:53","modified_gmt":"2020-05-13T18:09:53","slug":"convocatoria-beques-curs-20-21","status":"publish","type":"post","link":"https:\/\/agora.xtec.cat\/escolacollserolacerdanyola\/portadageneral\/convocatoria-beques-curs-20-21\/","title":{"rendered":"CONVOCAT\u00d2RIA BEQUES CURS 20-21"},"content":{"rendered":"<p><a href=\"https:\/\/agora.xtec.cat\/escolacollserolacerdanyola\/wp-content\/uploads\/usu1390\/2020\/05\/INFO-BEQUES-CURS-20-21.jpg\"><img loading=\"lazy\" decoding=\"async\" class=\"alignnone wp-image-21611\" src=\"https:\/\/agora.xtec.cat\/escolacollserolacerdanyola\/wp-content\/uploads\/usu1390\/2020\/05\/INFO-BEQUES-CURS-20-21-300x300.jpg\" alt=\"\" width=\"473\" height=\"473\" srcset=\"https:\/\/agora.xtec.cat\/escolacollserolacerdanyola\/wp-content\/uploads\/usu1390\/2020\/05\/INFO-BEQUES-CURS-20-21-300x300.jpg 300w, https:\/\/agora.xtec.cat\/escolacollserolacerdanyola\/wp-content\/uploads\/usu1390\/2020\/05\/INFO-BEQUES-CURS-20-21-150x150.jpg 150w, https:\/\/agora.xtec.cat\/escolacollserolacerdanyola\/wp-content\/uploads\/usu1390\/2020\/05\/INFO-BEQUES-CURS-20-21-768x768.jpg 768w, https:\/\/agora.xtec.cat\/escolacollserolacerdanyola\/wp-content\/uploads\/usu1390\/2020\/05\/INFO-BEQUES-CURS-20-21.jpg 1024w\" sizes=\"auto, (max-width: 473px) 100vw, 473px\" \/><\/a><\/p>\n<div>Les sol\u00b7licituds s&#8217;haurien de presentar, preferentment, de forma telem\u00e0tica:<\/div>\n<div><a id=\"m_-1411468631015105420LPlnk435714\" href=\"https:\/\/www.cerdanyola.cat\/seu-electronica\/tramits\/beques-escolars-2020\" target=\"_blank\" rel=\"noopener noreferrer\" data-saferedirecturl=\"https:\/\/www.google.com\/url?q=https:\/\/www.cerdanyola.cat\/seu-electronica\/tramits\/beques-escolars-2020&amp;source=gmail&amp;ust=1589469999734000&amp;usg=AFQjCNGPJl0CBLrQ4E51Id4khSS40RHOzA\">https:\/\/www.cerdanyola.cat\/<wbr \/>seu-electronica\/tramits\/<wbr \/>beques-escolars-2020<\/a><\/div>\n<div><\/div>\n<div>Tamb\u00e9 es poden presentar de forma presencial si la fam\u00edlia no t\u00e9 possibilitats de fer-ho telem\u00e0ticament:<\/div>\n<div><a href=\"https:\/\/www.cerdanyola.cat\/accio-social\/beques-escolars-2020-2021\" target=\"_blank\" rel=\"noopener noreferrer\" data-saferedirecturl=\"https:\/\/www.google.com\/url?q=https:\/\/www.cerdanyola.cat\/accio-social\/beques-escolars-2020-2021&amp;source=gmail&amp;ust=1589469999734000&amp;usg=AFQjCNHwE-6WfV_GCBAVSM_b2IkoI40fag\">https:\/\/www.cerdanyola.cat\/<wbr \/>accio-social\/beques-escolars-<wbr \/>2020-2021<\/a><\/div>\n<div><\/div>\n<div>Aquesta \u00e9s la informaci\u00f3 que trobareu en el segon enlla\u00e7:<\/div>\n<div><\/div>\n<div>\n<p><u><strong>Sol.licitud de beques escolars per al curs 2020-2021 i d&#8217;ajuts a les col\u00f2nies i sortides de fi de curs (realitzades durant el curs 2019-2020\u00a0)<\/strong><\/u><\/p>\n<p><strong>Menjador Escolar.<\/strong>\u00a0Alumnat d&#8217;Educaci\u00f3 Infantil, Prim\u00e0ria, Secund\u00e0ria, Escoles Bressols Municipals i Educaci\u00f3 Especial.<\/p>\n<p><strong>Llibres i Material Escolar.<\/strong>\u00a0Alumnat d&#8217;Educaci\u00f3 Infantil, Prim\u00e0ria i Secund\u00e0ria i Educaci\u00f3 Especial.<\/p>\n<p><strong>Llar d&#8217;Infants.<\/strong>\u00a0Alumnat de 0 a 3 anys.<\/p>\n<p><strong>Equips Inform\u00e0tics Personals<\/strong>. Alumnat d&#8217;Educaci\u00f3 Infantil, Prim\u00e0ria i\u00a0\u00a0Secund\u00e0ria.<\/p>\n<p><strong>Llic\u00e8ncies Digitals, Plataformes on-line i\/o\u00a0programari.<\/strong>\u00a0Alumnat d&#8217;Educaci\u00f3 Infantil, Prim\u00e0ria i\u00a0 Secund\u00e0ria.<\/p>\n<p><strong>Col\u00f2nies i sortides Fi de Curs ( realizades durant el curs 2019-2020).<\/strong><strong>\u00a0<\/strong>Alumnat d&#8217;Educaci\u00f3 Infantil, Prim\u00e0ria, Secund\u00e0ria i Educaci\u00f3 especial en centres p\u00fablics de Cerdanuyola del Vall\u00e8s.<\/p>\n<p><strong>Col\u00f2nies i sortides Fi de Curs ( realizades durant el curs 2020-2021).<\/strong><strong>\u00a0<\/strong>Alumnat d&#8217;Educaci\u00f3 Infantil, Prim\u00e0ria, Secund\u00e0ria i Educaci\u00f3 especial en centres p\u00fablics de Cerdanuyola del Vall\u00e8s<\/p>\n<p><strong>Transport Escolar.<\/strong>\u00a0Alumnat de 4 a 16 anys.<\/p>\n<p><strong>Beneficiaris:<\/strong>\u00a0Les unitats familiars empadronades a Cerdanyola del Vall\u00e8s que tenen membres que estiguin escolaritzats a centres d&#8217;educaci\u00f3 infantil, prim\u00e0ria o secund\u00e0ria obligat\u00f2ria o en centres d&#8217;educaci\u00f3 especial, amb independ\u00e8ncia de la localitat on estiguin ubicats aquests centres.<\/p>\n<p><strong>Termini:<\/strong>\u00a0De l&#8217;11 de maig al 30 de juny\u00a0de 2020.<\/p>\n<\/div>\n","protected":false},"excerpt":{"rendered":"<p><a href=\"https:\/\/agora.xtec.cat\/escolacollserolacerdanyola\/wp-content\/uploads\/usu1390\/2020\/05\/INFO-BEQUES-CURS-20-21.jpg\"><\/a><br \/>\nLes sol\u00b7licituds s&#8217;haurien de presentar, preferentment, de forma telem\u00e0tica:<br \/>\n<a id=\"m_-1411468631015105420LPlnk435714\" href=\"https:\/\/www.cerdanyola.cat\/seu-electronica\/tramits\/beques-escolars-2020\" target=\"_blank\" rel=\"noopener noreferrer\" data-saferedirecturl=\"https:\/\/www.google.com\/url?q=https:\/\/www.cerdanyola.cat\/seu-electronica\/tramits\/beques-escolars-2020&amp;source=gmail&amp;ust=1589469999734000&amp;usg=AFQjCNGPJl0CBLrQ4E51Id4khSS40RHOzA\">https:\/\/www.cerdanyola.cat\/seu-electronica\/tramits\/beques-escolars-2020<\/a><\/p>\n<p>Tamb\u00e9 es poden presentar de forma presencial si la fam\u00edlia no t\u00e9 possibilitats de fer-ho telem\u00e0ticament:<br \/>\n<a href=\"https:\/\/www.cerdanyola.cat\/accio-social\/beques-escolars-2020-2021\" target=\"_blank\" rel=\"noopener noreferrer\" data-saferedirecturl=\"https:\/\/www.google.com\/url?q=https:\/\/www.cerdanyola.cat\/accio-social\/beques-escolars-2020-2021&amp;source=gmail&amp;ust=1589469999734000&amp;usg=AFQjCNHwE-6WfV_GCBAVSM_b2IkoI40fag\">https:\/\/www.cerdanyola.cat\/accio-social\/beques-escolars-2020-2021<\/a><\/p>\n<p>Aquesta \u00e9s la informaci\u00f3 que trobareu en el segon enlla\u00e7:<\/p>\n<p>Sol.licitud&hellip;  <a href=\"https:\/\/agora.xtec.cat\/escolacollserolacerdanyola\/portadageneral\/convocatoria-beques-curs-20-21\/\" title=\"Read CONVOCAT\u00d2RIA BEQUES CURS 20-21\">Llegeix m\u00e9s\u00bb<\/a><\/p>\n","protected":false},"author":1,"featured_media":9638,"comment_status":"closed","ping_status":"closed","sticky":false,"template":"","format":"standard","meta":{"_bbp_topic_count":0,"_bbp_reply_count":0,"_bbp_total_topic_count":0,"_bbp_total_reply_count":0,"_bbp_voice_count":0,"_bbp_anonymous_reply_count":0,"_bbp_topic_count_hidden":0,"_bbp_reply_count_hidden":0,"_bbp_forum_subforum_count":0,"footnotes":""},"categories":[1],"tags":[],"class_list":["post-21610","post","type-post","status-publish","format-standard","has-post-thumbnail","hentry","category-portadageneral"],"post_mailing_queue_ids":[],"_links":{"self":[{"href":"https:\/\/agora.xtec.cat\/escolacollserolacerdanyola\/wp-json\/wp\/v2\/posts\/21610","targetHints":{"allow":["GET"]}}],"collection":[{"href":"https:\/\/agora.xtec.cat\/escolacollserolacerdanyola\/wp-json\/wp\/v2\/posts"}],"about":[{"href":"https:\/\/agora.xtec.cat\/escolacollserolacerdanyola\/wp-json\/wp\/v2\/types\/post"}],"author":[{"embeddable":true,"href":"https:\/\/agora.xtec.cat\/escolacollserolacerdanyola\/wp-json\/wp\/v2\/users\/1"}],"replies":[{"embeddable":true,"href":"https:\/\/agora.xtec.cat\/escolacollserolacerdanyola\/wp-json\/wp\/v2\/comments?post=21610"}],"version-history":[{"count":2,"href":"https:\/\/agora.xtec.cat\/escolacollserolacerdanyola\/wp-json\/wp\/v2\/posts\/21610\/revisions"}],"predecessor-version":[{"id":21753,"href":"https:\/\/agora.xtec.cat\/escolacollserolacerdanyola\/wp-json\/wp\/v2\/posts\/21610\/revisions\/21753"}],"wp:featuredmedia":[{"embeddable":true,"href":"https:\/\/agora.xtec.cat\/escolacollserolacerdanyola\/wp-json\/wp\/v2\/media\/9638"}],"wp:attachment":[{"href":"https:\/\/agora.xtec.cat\/escolacollserolacerdanyola\/wp-json\/wp\/v2\/media?parent=21610"}],"wp:term":[{"taxonomy":"category","embeddable":true,"href":"https:\/\/agora.xtec.cat\/escolacollserolacerdanyola\/wp-json\/wp\/v2\/categories?post=21610"},{"taxonomy":"post_tag","embeddable":true,"href":"https:\/\/agora.xtec.cat\/escolacollserolacerdanyola\/wp-json\/wp\/v2\/tags?post=21610"}],"curies":[{"name":"wp","href":"https:\/\/api.w.org\/{rel}","templated":true}]}}