{"id":21563,"date":"2020-05-04T13:09:54","date_gmt":"2020-05-04T11:09:54","guid":{"rendered":"http:\/\/agora.xtec.cat\/escolacollserolacerdanyola\/?p=21563"},"modified":"2020-05-04T23:33:25","modified_gmt":"2020-05-04T21:33:25","slug":"5e-setmana-4-5-al-8-de-maig","status":"publish","type":"post","link":"https:\/\/agora.xtec.cat\/escolacollserolacerdanyola\/portadageneral\/5e-setmana-4-5-al-8-de-maig\/","title":{"rendered":"5\u00e8. SETMANA 4. 5 al 8 de maig"},"content":{"rendered":"<p><a href=\"https:\/\/agora.xtec.cat\/escolacollserolacerdanyola\/wp-content\/uploads\/usu1390\/2020\/05\/5\u00e8-SETMANA-4.-5-8-maig-ACTIVITATS.pdf\" target=\"_blank\" rel=\"noopener noreferrer\">5\u00e8 SETMANA 4. 5-8 maig ACTIVITATS<\/a><\/p>\n<p><a href=\"https:\/\/agora.xtec.cat\/escolacollserolacerdanyola\/wp-content\/uploads\/usu1390\/2020\/05\/5\u00e8.-SETMANA-4.-5-8-maig.-Castell\u00e0.pdf\" target=\"_blank\" rel=\"noopener noreferrer\">5\u00e8. SETMANA 4. 5-8 maig. Castell\u00e0<\/a><\/p>\n<p><a href=\"https:\/\/agora.xtec.cat\/escolacollserolacerdanyola\/wp-content\/uploads\/usu1390\/2020\/05\/5\u00e8.-SETMANA-4.-5-8-maig.-Catal\u00e0-expressi\u00f3-escrita.pdf\" target=\"_blank\" rel=\"noopener noreferrer\">5\u00e8. SETMANA 4. 5-8 maig. Catal\u00e0 (expressi\u00f3 escrita)<\/a><\/p>\n<p><a href=\"https:\/\/agora.xtec.cat\/escolacollserolacerdanyola\/wp-content\/uploads\/usu1390\/2020\/05\/5\u00e8.-SETMANA-4.-5-8-maig.-DESAFIAMENTS-ORTOGR\u00c0FICS-G_J.pdf\" target=\"_blank\" rel=\"noopener noreferrer\">5\u00e8. SETMANA 4. 5-8 maig. DESAFIAMENTS ORTOGR\u00c0FICS G_J<\/a><\/p>\n<p><a href=\"https:\/\/agora.xtec.cat\/escolacollserolacerdanyola\/wp-content\/uploads\/usu1390\/2020\/05\/5\u00e8.-SETMANA-4.-5-8-maig.-FITXA-CURT-VALORS.pdf\" target=\"_blank\" rel=\"noopener noreferrer\">5\u00e8. SETMANA 4. 5-8 maig. FITXA CURT VALORS<\/a><\/p>\n<p><a href=\"https:\/\/agora.xtec.cat\/escolacollserolacerdanyola\/wp-content\/uploads\/usu1390\/2020\/05\/5\u00e8.-SETMANA-4.-5-8-maig.-MATES.-ENCREUAT-NUM\u00c8RIC.pdf\" target=\"_blank\" rel=\"noopener noreferrer\">5\u00e8. SETMANA 4. 5-8 maig. MATES. ENCREUAT NUM\u00c8RIC<\/a><\/p>\n<p><a href=\"https:\/\/agora.xtec.cat\/escolacollserolacerdanyola\/wp-content\/uploads\/usu1390\/2020\/05\/5e.SETMANA-4.5-8-Maig.-Science.pdf\" target=\"_blank\" rel=\"noopener noreferrer\">5e.SETMANA 4.5-8 Maig. Science<\/a><\/p>\n<p><a href=\"https:\/\/agora.xtec.cat\/escolacollserolacerdanyola\/wp-content\/uploads\/usu1390\/2020\/05\/cicle-superior.-setmanes-27dabril-al-11-de-maig.-EDUCACIO-FISICA.pdf\" target=\"_blank\" rel=\"noopener noreferrer\">cicle superior. setmanes 27d&#8217;abril al 11 de maig. EDUCACIO FISICA<\/a><\/p>\n<p><a href=\"https:\/\/agora.xtec.cat\/escolacollserolacerdanyola\/wp-content\/uploads\/usu1390\/2020\/05\/cicle-superior.-setmanes-27dabril-al-11-de-maig.-Tecnologia-i-Rob\u00f2tica.pdf\" target=\"_blank\" rel=\"noopener noreferrer\">cicle superior. setmanes 27d&#8217;abril al 11 de maig. Tecnologia i Rob\u00f2tica<\/a><\/p>\n<p><a href=\"https:\/\/agora.xtec.cat\/escolacollserolacerdanyola\/wp-content\/uploads\/usu1390\/2020\/05\/LA-CAN\u00c7\u00d3-DEL-DAU-Educaci\u00f3-Art\u00edstica.pdf\" target=\"_blank\" rel=\"noopener noreferrer\">LA CAN\u00c7\u00d3 DEL DAU Educaci\u00f3 Art\u00edstica<\/a><\/p>\n","protected":false},"excerpt":{"rendered":"<p><a href=\"https:\/\/agora.xtec.cat\/escolacollserolacerdanyola\/wp-content\/uploads\/usu1390\/2020\/05\/5\u00e8-SETMANA-4.-5-8-maig-ACTIVITATS.pdf\" target=\"_blank\" rel=\"noopener noreferrer\">5\u00e8 SETMANA 4. 5-8 maig ACTIVITATS<\/a><br \/>\n<a href=\"https:\/\/agora.xtec.cat\/escolacollserolacerdanyola\/wp-content\/uploads\/usu1390\/2020\/05\/5\u00e8.-SETMANA-4.-5-8-maig.-Castell\u00e0.pdf\" target=\"_blank\" rel=\"noopener noreferrer\">5\u00e8. SETMANA 4. 5-8 maig. Castell\u00e0<\/a><br \/>\n<a href=\"https:\/\/agora.xtec.cat\/escolacollserolacerdanyola\/wp-content\/uploads\/usu1390\/2020\/05\/5\u00e8.-SETMANA-4.-5-8-maig.-Catal\u00e0-expressi\u00f3-escrita.pdf\" target=\"_blank\" rel=\"noopener noreferrer\">5\u00e8. SETMANA 4. 5-8 maig. Catal\u00e0 (expressi\u00f3 escrita)<\/a><br \/>\n<a href=\"https:\/\/agora.xtec.cat\/escolacollserolacerdanyola\/wp-content\/uploads\/usu1390\/2020\/05\/5\u00e8.-SETMANA-4.-5-8-maig.-DESAFIAMENTS-ORTOGR\u00c0FICS-G_J.pdf\" target=\"_blank\" rel=\"noopener noreferrer\">5\u00e8. SETMANA 4. 5-8 maig. DESAFIAMENTS ORTOGR\u00c0FICS G_J<\/a><br \/>\n<a href=\"https:\/\/agora.xtec.cat\/escolacollserolacerdanyola\/wp-content\/uploads\/usu1390\/2020\/05\/5\u00e8.-SETMANA-4.-5-8-maig.-FITXA-CURT-VALORS.pdf\" target=\"_blank\" rel=\"noopener noreferrer\">5\u00e8.&hellip;  <a href=\"https:\/\/agora.xtec.cat\/escolacollserolacerdanyola\/portadageneral\/5e-setmana-4-5-al-8-de-maig\/\" title=\"Read 5\u00e8. SETMANA 4. 5 al 8 de maig\">Llegeix m\u00e9s\u00bb<\/a><\/p>\n","protected":false},"author":1,"featured_media":0,"comment_status":"closed","ping_status":"closed","sticky":false,"template":"","format":"standard","meta":{"_bbp_topic_count":0,"_bbp_reply_count":0,"_bbp_total_topic_count":0,"_bbp_total_reply_count":0,"_bbp_voice_count":0,"_bbp_anonymous_reply_count":0,"_bbp_topic_count_hidden":0,"_bbp_reply_count_hidden":0,"_bbp_forum_subforum_count":0,"footnotes":""},"categories":[1],"tags":[],"class_list":["post-21563","post","type-post","status-publish","format-standard","hentry","category-portadageneral"],"post_mailing_queue_ids":[],"_links":{"self":[{"href":"https:\/\/agora.xtec.cat\/escolacollserolacerdanyola\/wp-json\/wp\/v2\/posts\/21563","targetHints":{"allow":["GET"]}}],"collection":[{"href":"https:\/\/agora.xtec.cat\/escolacollserolacerdanyola\/wp-json\/wp\/v2\/posts"}],"about":[{"href":"https:\/\/agora.xtec.cat\/escolacollserolacerdanyola\/wp-json\/wp\/v2\/types\/post"}],"author":[{"embeddable":true,"href":"https:\/\/agora.xtec.cat\/escolacollserolacerdanyola\/wp-json\/wp\/v2\/users\/1"}],"replies":[{"embeddable":true,"href":"https:\/\/agora.xtec.cat\/escolacollserolacerdanyola\/wp-json\/wp\/v2\/comments?post=21563"}],"version-history":[{"count":2,"href":"https:\/\/agora.xtec.cat\/escolacollserolacerdanyola\/wp-json\/wp\/v2\/posts\/21563\/revisions"}],"predecessor-version":[{"id":21609,"href":"https:\/\/agora.xtec.cat\/escolacollserolacerdanyola\/wp-json\/wp\/v2\/posts\/21563\/revisions\/21609"}],"wp:attachment":[{"href":"https:\/\/agora.xtec.cat\/escolacollserolacerdanyola\/wp-json\/wp\/v2\/media?parent=21563"}],"wp:term":[{"taxonomy":"category","embeddable":true,"href":"https:\/\/agora.xtec.cat\/escolacollserolacerdanyola\/wp-json\/wp\/v2\/categories?post=21563"},{"taxonomy":"post_tag","embeddable":true,"href":"https:\/\/agora.xtec.cat\/escolacollserolacerdanyola\/wp-json\/wp\/v2\/tags?post=21563"}],"curies":[{"name":"wp","href":"https:\/\/api.w.org\/{rel}","templated":true}]}}