{"id":21420,"date":"2020-04-26T22:05:12","date_gmt":"2020-04-26T20:05:12","guid":{"rendered":"http:\/\/agora.xtec.cat\/escolacollserolacerdanyola\/?p=21420"},"modified":"2020-04-26T22:13:37","modified_gmt":"2020-04-26T20:13:37","slug":"5e-setmana-3-del-27-al-30-dabril","status":"publish","type":"post","link":"https:\/\/agora.xtec.cat\/escolacollserolacerdanyola\/portadageneral\/5e-setmana-3-del-27-al-30-dabril\/","title":{"rendered":"5\u00e8. SETMANA 3. del 27 al 30 d&#8217;abril"},"content":{"rendered":"<p><a style=\"color: #2795b6;\" href=\"https:\/\/agora.xtec.cat\/escolacollserolacerdanyola\/wp-content\/uploads\/usu1390\/2020\/04\/5%C3%A8.-SETMANA-3-27-30-abril.pdf\" target=\"_blank\" rel=\"noopener noreferrer\">5\u00e8. SETMANA 3 27-30 abril<\/a><\/p>\n<p><a href=\"https:\/\/agora.xtec.cat\/escolacollserolacerdanyola\/wp-content\/uploads\/usu1390\/2020\/04\/5\u00e8-SETMANA-3.-27-30-abril.-Room-Escape.pdf\" target=\"_blank\" rel=\"noopener noreferrer\">5\u00e8 SETMANA 3. 27-30 abril. Room Escape<\/a><\/p>\n<p><a href=\"https:\/\/agora.xtec.cat\/escolacollserolacerdanyola\/wp-content\/uploads\/usu1390\/2020\/04\/5\u00e8.-SETMANA-3.-27-abril-3-maig.-Castell\u00e0.pdf\" target=\"_blank\" rel=\"noopener noreferrer\">5\u00e8. SETMANA 3. 27 abril &#8211; 3 maig. Castell\u00e0<\/a><\/p>\n<p><a href=\"https:\/\/agora.xtec.cat\/escolacollserolacerdanyola\/wp-content\/uploads\/usu1390\/2020\/04\/5\u00e8.-SETMANA-3.-27-abril-3-maig.-Catal\u00e0-expressi\u00f3-escrita.pdf\" target=\"_blank\" rel=\"noopener noreferrer\">5\u00e8. SETMANA 3. 27 abril &#8211; 3 maig. Catal\u00e0 (expressi\u00f3 escrita)<\/a><\/p>\n<p><a href=\"https:\/\/agora.xtec.cat\/escolacollserolacerdanyola\/wp-content\/uploads\/usu1390\/2020\/04\/5\u00e8.-SETMANA-3.-27-abril-3-maig.-kahoot.pdf\" target=\"_blank\" rel=\"noopener noreferrer\">5\u00e8. SETMANA 3. 27 abril &#8211; 3 maig. kahoot<\/a><\/p>\n<p><a href=\"https:\/\/agora.xtec.cat\/escolacollserolacerdanyola\/wp-content\/uploads\/usu1390\/2020\/04\/5\u00e8.-SETMANA-3.-27-30-abril.-Mates.pdf\" target=\"_blank\" rel=\"noopener noreferrer\">5\u00e8. SETMANA 3. 27-30 abril. Mates<\/a><\/p>\n<p><a href=\"https:\/\/agora.xtec.cat\/escolacollserolacerdanyola\/wp-content\/uploads\/usu1390\/2020\/04\/5e.-SETMANA3.-27-30-abril.-MUSICA.pdf\" target=\"_blank\" rel=\"noopener noreferrer\">5e. SETMANA3. 27-30 abril. MUSICA<\/a><\/p>\n<p><a href=\"https:\/\/agora.xtec.cat\/escolacollserolacerdanyola\/wp-content\/uploads\/usu1390\/2020\/04\/4t-5\u00e8-i-6\u00e8.-SETMANES-27dabril-al11-de-maig.-EDUCACI\u00d3-F\u00cdSICA.pdf\" target=\"_blank\" rel=\"noopener noreferrer\">4t, 5\u00e8 i 6\u00e8. SETMANES 27d&#8217;abril al11 de maig. EDUCACI\u00d3 F\u00cdSICA<\/a><\/p>\n<p><a href=\"https:\/\/agora.xtec.cat\/escolacollserolacerdanyola\/wp-content\/uploads\/usu1390\/2020\/04\/CICLE-SUPERIOR.-ROB\u00d2TICA.Scratch_Sant-Jordi.pdf\" target=\"_blank\" rel=\"noopener noreferrer\">CICLE SUPERIOR. ROB\u00d2TICA.Scratch_Sant Jordi<\/a><\/p>\n<p>&nbsp;<\/p>\n","protected":false},"excerpt":{"rendered":"<p><a style=\"color: #2795b6;\" href=\"https:\/\/agora.xtec.cat\/escolacollserolacerdanyola\/wp-content\/uploads\/usu1390\/2020\/04\/5%C3%A8.-SETMANA-3-27-30-abril.pdf\" target=\"_blank\" rel=\"noopener noreferrer\">5\u00e8. SETMANA 3 27-30 abril<\/a><br \/>\n<a href=\"https:\/\/agora.xtec.cat\/escolacollserolacerdanyola\/wp-content\/uploads\/usu1390\/2020\/04\/5\u00e8-SETMANA-3.-27-30-abril.-Room-Escape.pdf\" target=\"_blank\" rel=\"noopener noreferrer\">5\u00e8 SETMANA 3. 27-30 abril. Room Escape<\/a><br \/>\n<a href=\"https:\/\/agora.xtec.cat\/escolacollserolacerdanyola\/wp-content\/uploads\/usu1390\/2020\/04\/5\u00e8.-SETMANA-3.-27-abril-3-maig.-Castell\u00e0.pdf\" target=\"_blank\" rel=\"noopener noreferrer\">5\u00e8. SETMANA 3. 27 abril &#8211; 3 maig. Castell\u00e0<\/a><br \/>\n<a href=\"https:\/\/agora.xtec.cat\/escolacollserolacerdanyola\/wp-content\/uploads\/usu1390\/2020\/04\/5\u00e8.-SETMANA-3.-27-abril-3-maig.-Catal\u00e0-expressi\u00f3-escrita.pdf\" target=\"_blank\" rel=\"noopener noreferrer\">5\u00e8. SETMANA 3. 27 abril &#8211; 3 maig. Catal\u00e0&hellip;  <a href=\"https:\/\/agora.xtec.cat\/escolacollserolacerdanyola\/portadageneral\/5e-setmana-3-del-27-al-30-dabril\/\" title=\"Read 5\u00e8. SETMANA 3. del 27 al 30 d&#8217;abril\">Llegeix m\u00e9s\u00bb<\/a><\/p>\n","protected":false},"author":1,"featured_media":0,"comment_status":"closed","ping_status":"closed","sticky":false,"template":"","format":"standard","meta":{"_bbp_topic_count":0,"_bbp_reply_count":0,"_bbp_total_topic_count":0,"_bbp_total_reply_count":0,"_bbp_voice_count":0,"_bbp_anonymous_reply_count":0,"_bbp_topic_count_hidden":0,"_bbp_reply_count_hidden":0,"_bbp_forum_subforum_count":0,"footnotes":""},"categories":[1],"tags":[],"class_list":["post-21420","post","type-post","status-publish","format-standard","hentry","category-portadageneral"],"post_mailing_queue_ids":[],"_links":{"self":[{"href":"https:\/\/agora.xtec.cat\/escolacollserolacerdanyola\/wp-json\/wp\/v2\/posts\/21420","targetHints":{"allow":["GET"]}}],"collection":[{"href":"https:\/\/agora.xtec.cat\/escolacollserolacerdanyola\/wp-json\/wp\/v2\/posts"}],"about":[{"href":"https:\/\/agora.xtec.cat\/escolacollserolacerdanyola\/wp-json\/wp\/v2\/types\/post"}],"author":[{"embeddable":true,"href":"https:\/\/agora.xtec.cat\/escolacollserolacerdanyola\/wp-json\/wp\/v2\/users\/1"}],"replies":[{"embeddable":true,"href":"https:\/\/agora.xtec.cat\/escolacollserolacerdanyola\/wp-json\/wp\/v2\/comments?post=21420"}],"version-history":[{"count":3,"href":"https:\/\/agora.xtec.cat\/escolacollserolacerdanyola\/wp-json\/wp\/v2\/posts\/21420\/revisions"}],"predecessor-version":[{"id":21488,"href":"https:\/\/agora.xtec.cat\/escolacollserolacerdanyola\/wp-json\/wp\/v2\/posts\/21420\/revisions\/21488"}],"wp:attachment":[{"href":"https:\/\/agora.xtec.cat\/escolacollserolacerdanyola\/wp-json\/wp\/v2\/media?parent=21420"}],"wp:term":[{"taxonomy":"category","embeddable":true,"href":"https:\/\/agora.xtec.cat\/escolacollserolacerdanyola\/wp-json\/wp\/v2\/categories?post=21420"},{"taxonomy":"post_tag","embeddable":true,"href":"https:\/\/agora.xtec.cat\/escolacollserolacerdanyola\/wp-json\/wp\/v2\/tags?post=21420"}],"curies":[{"name":"wp","href":"https:\/\/api.w.org\/{rel}","templated":true}]}}