{"id":21193,"date":"2020-05-05T08:40:58","date_gmt":"2020-05-05T06:40:58","guid":{"rendered":"http:\/\/agora.xtec.cat\/escolacollserolacerdanyola\/?p=21193"},"modified":"2020-05-09T11:09:03","modified_gmt":"2020-05-09T09:09:03","slug":"audicio-musical-aixi-fan-fan-p3","status":"publish","type":"post","link":"https:\/\/agora.xtec.cat\/escolacollserolacerdanyola\/ei3-ei4-ei5\/ei3\/audicio-musical-aixi-fan-fan-p3\/","title":{"rendered":"AUDICI\u00d3 MUSICAL &#8220;AIXI, FAN, FAN&#8221; P3"},"content":{"rendered":"<p style=\"text-align: center\">Aqu\u00ed us deixo unes fotos de l&#8217;audici\u00f3 musical que ens van fer l&#8217;escola de m\u00fasica Aulos de Cerdanyola. Segur que als vostres fills\/es els agradar\u00e0 recordar-la i veure als seus companys\/es.<\/p>\n<p style=\"text-align: center\"><a href=\"https:\/\/agora.xtec.cat\/escolacollserolacerdanyola\/wp-content\/uploads\/usu1390\/2020\/05\/20200205_114516-copia-1.jpg\"><img loading=\"lazy\" decoding=\"async\" class=\"alignnone size-full wp-image-21676\" src=\"https:\/\/agora.xtec.cat\/escolacollserolacerdanyola\/wp-content\/uploads\/usu1390\/2020\/05\/20200205_114516-copia-1.jpg\" alt=\"\" width=\"123\" height=\"139\" \/><\/a><\/p>\n<p style=\"text-align: center\"><a style=\"background-color: #bfe6ff;background-image: none;color: #2795b6;quot;quot;quot;quot;,helvetica,arial,sans-serif;font-size: 16px;font-style: normal;font-variant: normal;font-weight: 400;letter-spacing: normal;line-height: inherit;text-align: center;text-decoration: none;text-indent: 0px;text-transform: none;padding: 0px 2px 0px 2px;margin: 0px -2px 0px -2px\" href=\"https:\/\/photos.app.goo.gl\/7d5k1wqjkdjVdrZo8\">CLICA I VEUR\u00c0S<\/a><b><\/b><i><\/i><u><\/u><\/p>\n","protected":false},"excerpt":{"rendered":"<p>Aqu\u00ed us deixo unes fotos de l&#8217;audici\u00f3 musical que ens van fer l&#8217;escola de m\u00fasica Aulos de Cerdanyola. Segur que als vostres fills\/es els agradar\u00e0 recordar-la i veure als seus companys\/es.<br \/>\n<a href=\"https:\/\/agora.xtec.cat\/escolacollserolacerdanyola\/wp-content\/uploads\/usu1390\/2020\/05\/20200205_114516-copia-1.jpg\"><\/a><br \/>\n<a style=\"background-color: #bfe6ff;background-image: none;color: #2795b6;quot;quot;quot;quot;,helvetica,arial,sans-serif;font-size: 16px;font-style: normal;font-variant: normal;font-weight: 400;letter-spacing: normal;line-height: inherit;text-align: center;text-decoration: none;text-indent: 0px;text-transform:&hellip;  <a href=\"https:\/\/agora.xtec.cat\/escolacollserolacerdanyola\/ei3-ei4-ei5\/ei3\/audicio-musical-aixi-fan-fan-p3\/\" title=\"Read AUDICI\u00d3 MUSICAL &#8220;AIXI, FAN, FAN&#8221; P3\">Llegeix m\u00e9s\u00bb<\/a><\/p>\n","protected":false},"author":6,"featured_media":21676,"comment_status":"open","ping_status":"closed","sticky":false,"template":"","format":"standard","meta":{"_bbp_topic_count":0,"_bbp_reply_count":0,"_bbp_total_topic_count":0,"_bbp_total_reply_count":0,"_bbp_voice_count":0,"_bbp_anonymous_reply_count":0,"_bbp_topic_count_hidden":0,"_bbp_reply_count_hidden":0,"_bbp_forum_subforum_count":0,"footnotes":""},"categories":[3],"tags":[],"class_list":["post-21193","post","type-post","status-publish","format-standard","has-post-thumbnail","hentry","category-ei3"],"post_mailing_queue_ids":[],"_links":{"self":[{"href":"https:\/\/agora.xtec.cat\/escolacollserolacerdanyola\/wp-json\/wp\/v2\/posts\/21193","targetHints":{"allow":["GET"]}}],"collection":[{"href":"https:\/\/agora.xtec.cat\/escolacollserolacerdanyola\/wp-json\/wp\/v2\/posts"}],"about":[{"href":"https:\/\/agora.xtec.cat\/escolacollserolacerdanyola\/wp-json\/wp\/v2\/types\/post"}],"author":[{"embeddable":true,"href":"https:\/\/agora.xtec.cat\/escolacollserolacerdanyola\/wp-json\/wp\/v2\/users\/6"}],"replies":[{"embeddable":true,"href":"https:\/\/agora.xtec.cat\/escolacollserolacerdanyola\/wp-json\/wp\/v2\/comments?post=21193"}],"version-history":[{"count":3,"href":"https:\/\/agora.xtec.cat\/escolacollserolacerdanyola\/wp-json\/wp\/v2\/posts\/21193\/revisions"}],"predecessor-version":[{"id":21677,"href":"https:\/\/agora.xtec.cat\/escolacollserolacerdanyola\/wp-json\/wp\/v2\/posts\/21193\/revisions\/21677"}],"wp:featuredmedia":[{"embeddable":true,"href":"https:\/\/agora.xtec.cat\/escolacollserolacerdanyola\/wp-json\/wp\/v2\/media\/21676"}],"wp:attachment":[{"href":"https:\/\/agora.xtec.cat\/escolacollserolacerdanyola\/wp-json\/wp\/v2\/media?parent=21193"}],"wp:term":[{"taxonomy":"category","embeddable":true,"href":"https:\/\/agora.xtec.cat\/escolacollserolacerdanyola\/wp-json\/wp\/v2\/categories?post=21193"},{"taxonomy":"post_tag","embeddable":true,"href":"https:\/\/agora.xtec.cat\/escolacollserolacerdanyola\/wp-json\/wp\/v2\/tags?post=21193"}],"curies":[{"name":"wp","href":"https:\/\/api.w.org\/{rel}","templated":true}]}}