{"id":20929,"date":"2020-04-09T19:31:38","date_gmt":"2020-04-09T17:31:38","guid":{"rendered":"http:\/\/agora.xtec.cat\/escolacollserolacerdanyola\/?p=20929"},"modified":"2020-05-13T20:01:34","modified_gmt":"2020-05-13T18:01:34","slug":"nou-espai-escola-a-casa","status":"publish","type":"post","link":"https:\/\/agora.xtec.cat\/escolacollserolacerdanyola\/portadageneral\/nou-espai-escola-a-casa\/","title":{"rendered":"NOU ESPAI, ESCOLA A CASA&#8230;"},"content":{"rendered":"<p><a href=\"https:\/\/agora.xtec.cat\/escolacollserolacerdanyola\/wp-content\/uploads\/usu1390\/2020\/04\/ARC-NOMS-1.jpeg\"><img loading=\"lazy\" decoding=\"async\" class=\"alignnone wp-image-20931\" src=\"https:\/\/agora.xtec.cat\/escolacollserolacerdanyola\/wp-content\/uploads\/usu1390\/2020\/04\/ARC-NOMS-1-300x156.jpeg\" alt=\"\" width=\"396\" height=\"206\" srcset=\"https:\/\/agora.xtec.cat\/escolacollserolacerdanyola\/wp-content\/uploads\/usu1390\/2020\/04\/ARC-NOMS-1-300x156.jpeg 300w, https:\/\/agora.xtec.cat\/escolacollserolacerdanyola\/wp-content\/uploads\/usu1390\/2020\/04\/ARC-NOMS-1-768x400.jpeg 768w, https:\/\/agora.xtec.cat\/escolacollserolacerdanyola\/wp-content\/uploads\/usu1390\/2020\/04\/ARC-NOMS-1.jpeg 978w\" sizes=\"auto, (max-width: 396px) 100vw, 396px\" \/><\/a><a href=\"https:\/\/agora.xtec.cat\/escolacollserolacerdanyola\/wp-content\/uploads\/usu1390\/2020\/04\/fecha-web.png\"><img loading=\"lazy\" decoding=\"async\" class=\"alignnone wp-image-20944\" src=\"https:\/\/agora.xtec.cat\/escolacollserolacerdanyola\/wp-content\/uploads\/usu1390\/2020\/04\/fecha-web-300x300.png\" alt=\"\" width=\"170\" height=\"170\" \/><\/a><\/p>\n<p>Benvolgudes fam\u00edlies,<\/p>\n<p>Davant la impossibilitat de continuar el curs com hav\u00edem previst i imaginat&#8230; \ud83d\ude44 us informem de les darreres actualitzacions al respecte.<\/p>\n<p><span style=\"color: #000000; background-color: #99cc00;\"><strong>Continuem adaptant-nos a la realitat complexa<\/strong><\/span> i desconcertant per contribuir en l\u2019aprenentatge dels vostres fills\/es<span style=\"font-family: inherit; font-size: 1em;\">, en la mesura de les nostres possibilitats, coneixements i recursos. Totes les escoles estem fent el que podem i sabem&#8230; <\/span><span style=\"font-family: inherit; font-size: 1em;\">Disculpeu-nos si no encertem amb les expectatives del qu\u00e8 i com ho podr\u00edem fer, per\u00f2 davant la diversitat i necessitats de totes les llars de la comunitat educativa la coordinaci\u00f3 i pressa de decisions no \u00e9s f\u00e0cil.\u00a0<\/span><\/p>\n<p><span style=\"background-color: #ff9900;\"><span style=\"background-color: #ffffff;\">Segons el Departament d&#8217;Educaci\u00f3<\/span><span style=\"background-color: #ffffff;\">\u00a0<\/span><strong><span style=\"background-color: #ffff00;\">el 3r trimestre es considerar\u00e0 lectiu, avaluable i impartit a dist\u00e0ncia<\/span><\/strong><span style=\"background-color: #ffffff;\">. Tot i aix\u00ed, les administracions pertinents, els serveis educatius del municipi, les direccions i equips docents treballem per entendre i adaptar-nos al que aix\u00f2 suposa, i poder anar definint sobre la marxa procediments sostenibles per a tota la comunitat educativa.\u00a0<\/span><\/span><\/p>\n<p><span style=\"background-color: #ff9900;\"><strong>Hem creat NOVES carpetes per cursos a l&#8217;espai de la dreta <\/strong><\/span>on hi trobareu de forma actualitzada i peri\u00f2dica\u00a0 activitats, recursos i materials per encetar el 3r TRIMESTRE. <span style=\"text-decoration: underline;\"><strong>Aquest NOU ESPAI esdevindr\u00e0 el mitj\u00e0 virtual que emprarem.\u00a0<\/strong><\/span><\/p>\n<p>Pel seguiment tutorial, l&#8217;entrega d&#8217;activitats, aix\u00ed com altres <span style=\"background-color: #ffffff; color: #0000ff;\"><strong>experi\u00e8ncies virtuals de comunicaci\u00f3 tutorial<\/strong><\/span>, continuarem fent servir els gmails d&#8217;aula creats en l&#8217;inici del tancament dels centres.<\/p>\n<div>OLGA\u00a0<a href=\"mailto:p3ovellesescolacollserola@gmail.com\" target=\"_blank\" rel=\"noopener noreferrer\">p3ovellesescolacollserola<wbr \/>@gmail.com <\/a><\/div>\n<div>LORENA\/GISELA\u00a0<a href=\"mailto:p4llopsescolacollserola@gmail.com\" target=\"_blank\" rel=\"noopener noreferrer\">p4llopsescolacol<wbr \/>lserola@gmail.com<\/a><\/div>\n<div>CRISTINA\u00a0<a href=\"mailto:p5tigresescolacollserola@gmail.com\" target=\"_blank\" rel=\"noopener noreferrer\">p5tigresescolacollser<wbr \/>ola@gmail.com<\/a><\/div>\n<div>JULIA\u00a0<a href=\"mailto:1guineusescolacollserola@gmail.com\" target=\"_blank\" rel=\"noopener noreferrer\">1guineusescolacollserola<wbr \/>@gmail.com<\/a><\/div>\n<div>MERITXELL\u00a0<a href=\"mailto:2ntalpsescolacollserola@gmail.com\" target=\"_blank\" rel=\"noopener noreferrer\">2ntalpsescolacollser<wbr \/>ola@gmail.com<\/a><\/div>\n<div>ANA\u00a0<a href=\"mailto:3indisescolacollserola@gmail.com\" target=\"_blank\" rel=\"noopener noreferrer\">3indisescolacollserola@<wbr \/>gmail.com<\/a><\/div>\n<div>SARA R.\u00a0<a href=\"mailto:4maiesescolacollserola@gmail.com\" target=\"_blank\" rel=\"noopener noreferrer\">4maiesescolacollserola@<wbr \/>gmail.com<\/a><\/div>\n<div>MERCHE\/KIRIAN\u00a0<a href=\"mailto:5ecolombiaescolacollserola@gmail.com\" target=\"_blank\" rel=\"noopener noreferrer\">5ecolombiaescola<wbr \/>collserola@gmail.com<\/a><\/div>\n<div>LALI\u00a0<a href=\"mailto:6acrazzytravelescolacollserola@gmail.com\" target=\"_blank\" rel=\"noopener noreferrer\">6acrazzytravelescolacolls<wbr \/>erola@gmail.com<\/a><\/div>\n<div>MONTSE\u00a0<a href=\"mailto:6bkingstripescolacollserola@gmail.com\" target=\"_blank\" rel=\"noopener noreferrer\">6bkingstripescolacollse<wbr \/>rola@gmail.com<\/a><\/div>\n<p>&nbsp;<\/p>\n<h3>Sabem que s\u00f3n moments molt dif\u00edcils per a tothom.<\/h3>\n<h3>Us trobem a faltar&#8230;<\/h3>\n<p><a href=\"https:\/\/agora.xtec.cat\/escolacollserolacerdanyola\/wp-content\/uploads\/usu1390\/2020\/04\/COR-ESCOLA-COLLSEROLA-1.jpeg\"><img loading=\"lazy\" decoding=\"async\" class=\"alignnone wp-image-21085\" src=\"https:\/\/agora.xtec.cat\/escolacollserolacerdanyola\/wp-content\/uploads\/usu1390\/2020\/04\/COR-ESCOLA-COLLSEROLA-1-300x260.jpeg\" alt=\"\" width=\"366\" height=\"317\" srcset=\"https:\/\/agora.xtec.cat\/escolacollserolacerdanyola\/wp-content\/uploads\/usu1390\/2020\/04\/COR-ESCOLA-COLLSEROLA-1-300x260.jpeg 300w, https:\/\/agora.xtec.cat\/escolacollserolacerdanyola\/wp-content\/uploads\/usu1390\/2020\/04\/COR-ESCOLA-COLLSEROLA-1-768x666.jpeg 768w, https:\/\/agora.xtec.cat\/escolacollserolacerdanyola\/wp-content\/uploads\/usu1390\/2020\/04\/COR-ESCOLA-COLLSEROLA-1.jpeg 989w\" sizes=\"auto, (max-width: 366px) 100vw, 366px\" \/><\/a><\/p>\n<h3>i us agra\u00efm l\u2019esfor\u00e7 que tot aix\u00f2 suposa i us encoratgem a tirar endavant. Molts \u00e0nims!<\/h3>\n","protected":false},"excerpt":{"rendered":"<p><a href=\"https:\/\/agora.xtec.cat\/escolacollserolacerdanyola\/wp-content\/uploads\/usu1390\/2020\/04\/ARC-NOMS-1.jpeg\"><\/a><a href=\"https:\/\/agora.xtec.cat\/escolacollserolacerdanyola\/wp-content\/uploads\/usu1390\/2020\/04\/fecha-web.png\"><\/a><br \/>\nBenvolgudes fam\u00edlies,<br \/>\nDavant la impossibilitat de continuar el curs com hav\u00edem previst i imaginat&#8230; \ud83d\ude44 us informem de les darreres actualitzacions al respecte.<br \/>\nContinuem adaptant-nos a la realitat complexa i desconcertant per contribuir en l\u2019aprenentatge dels vostres fills\/es, en la mesura de les nostres possibilitats,&hellip;  <a href=\"https:\/\/agora.xtec.cat\/escolacollserolacerdanyola\/portadageneral\/nou-espai-escola-a-casa\/\" title=\"Read NOU ESPAI, ESCOLA A CASA&#8230;\">Llegeix m\u00e9s\u00bb<\/a><\/p>\n","protected":false},"author":1,"featured_media":9638,"comment_status":"closed","ping_status":"closed","sticky":false,"template":"","format":"standard","meta":{"_bbp_topic_count":0,"_bbp_reply_count":0,"_bbp_total_topic_count":0,"_bbp_total_reply_count":0,"_bbp_voice_count":0,"_bbp_anonymous_reply_count":0,"_bbp_topic_count_hidden":0,"_bbp_reply_count_hidden":0,"_bbp_forum_subforum_count":0,"footnotes":""},"categories":[1],"tags":[],"class_list":["post-20929","post","type-post","status-publish","format-standard","has-post-thumbnail","hentry","category-portadageneral"],"post_mailing_queue_ids":[],"_links":{"self":[{"href":"https:\/\/agora.xtec.cat\/escolacollserolacerdanyola\/wp-json\/wp\/v2\/posts\/20929","targetHints":{"allow":["GET"]}}],"collection":[{"href":"https:\/\/agora.xtec.cat\/escolacollserolacerdanyola\/wp-json\/wp\/v2\/posts"}],"about":[{"href":"https:\/\/agora.xtec.cat\/escolacollserolacerdanyola\/wp-json\/wp\/v2\/types\/post"}],"author":[{"embeddable":true,"href":"https:\/\/agora.xtec.cat\/escolacollserolacerdanyola\/wp-json\/wp\/v2\/users\/1"}],"replies":[{"embeddable":true,"href":"https:\/\/agora.xtec.cat\/escolacollserolacerdanyola\/wp-json\/wp\/v2\/comments?post=20929"}],"version-history":[{"count":3,"href":"https:\/\/agora.xtec.cat\/escolacollserolacerdanyola\/wp-json\/wp\/v2\/posts\/20929\/revisions"}],"predecessor-version":[{"id":21131,"href":"https:\/\/agora.xtec.cat\/escolacollserolacerdanyola\/wp-json\/wp\/v2\/posts\/20929\/revisions\/21131"}],"wp:featuredmedia":[{"embeddable":true,"href":"https:\/\/agora.xtec.cat\/escolacollserolacerdanyola\/wp-json\/wp\/v2\/media\/9638"}],"wp:attachment":[{"href":"https:\/\/agora.xtec.cat\/escolacollserolacerdanyola\/wp-json\/wp\/v2\/media?parent=20929"}],"wp:term":[{"taxonomy":"category","embeddable":true,"href":"https:\/\/agora.xtec.cat\/escolacollserolacerdanyola\/wp-json\/wp\/v2\/categories?post=20929"},{"taxonomy":"post_tag","embeddable":true,"href":"https:\/\/agora.xtec.cat\/escolacollserolacerdanyola\/wp-json\/wp\/v2\/tags?post=20929"}],"curies":[{"name":"wp","href":"https:\/\/api.w.org\/{rel}","templated":true}]}}