{"id":20861,"date":"2020-04-07T18:18:56","date_gmt":"2020-04-07T16:18:56","guid":{"rendered":"http:\/\/agora.xtec.cat\/escolacollserolacerdanyola\/?p=20861"},"modified":"2020-04-07T18:18:56","modified_gmt":"2020-04-07T16:18:56","slug":"la-primavera-dites-i-dibuixos","status":"publish","type":"post","link":"https:\/\/agora.xtec.cat\/escolacollserolacerdanyola\/de-1r-a-6e\/1r\/la-primavera-dites-i-dibuixos\/","title":{"rendered":"La primavera. Dites i dibuixos"},"content":{"rendered":"<p>Ja fa uns dies que estem a la Primavera i encara que no ho veiem la natura est\u00e1 canviant. Els arbres s&#8217;estan omplint de fulles i estan florint, cada dia tenim una miqueta m\u00e9s de Sol a la tarda i encara que hi ha dies en que plou molt els dies s\u00f3n m\u00e9s assolejats i amb m\u00e9s caloreta.<\/p>\n<p>Els nens i nenes de la classe de les guineus, segueixen fent dites de cada mes i dibuixos de la primavera. Si voleu veure&#8217;ls feu clic a l&#8217;enlla\u00e7.<\/p>\n<p><a href=\"https:\/\/photos.app.goo.gl\/9scen4yLDstEiEKH6\">PRIMAVERA. DITES I DIBUIXOS<\/a><\/p>\n<p><a href=\"https:\/\/agora.xtec.cat\/escolacollserolacerdanyola\/wp-content\/uploads\/usu1390\/2020\/04\/imatge-primavera.png\"><img loading=\"lazy\" decoding=\"async\" class=\" wp-image-20862 aligncenter\" src=\"https:\/\/agora.xtec.cat\/escolacollserolacerdanyola\/wp-content\/uploads\/usu1390\/2020\/04\/imatge-primavera-300x176.png\" alt=\"\" width=\"370\" height=\"217\" srcset=\"https:\/\/agora.xtec.cat\/escolacollserolacerdanyola\/wp-content\/uploads\/usu1390\/2020\/04\/imatge-primavera-300x176.png 300w, https:\/\/agora.xtec.cat\/escolacollserolacerdanyola\/wp-content\/uploads\/usu1390\/2020\/04\/imatge-primavera.png 642w\" sizes=\"auto, (max-width: 370px) 100vw, 370px\" \/><\/a><\/p>\n","protected":false},"excerpt":{"rendered":"<p>Ja fa uns dies que estem a la Primavera i encara que no ho veiem la natura est\u00e1 canviant. Els arbres s&#8217;estan omplint de fulles i estan florint, cada dia tenim una miqueta m\u00e9s de Sol a la tarda i encara que hi ha dies&hellip;  <a href=\"https:\/\/agora.xtec.cat\/escolacollserolacerdanyola\/de-1r-a-6e\/1r\/la-primavera-dites-i-dibuixos\/\" title=\"Read La primavera. Dites i dibuixos\">Llegeix m\u00e9s\u00bb<\/a><\/p>\n","protected":false},"author":7,"featured_media":20862,"comment_status":"open","ping_status":"closed","sticky":false,"template":"","format":"standard","meta":{"_bbp_topic_count":0,"_bbp_reply_count":0,"_bbp_total_topic_count":0,"_bbp_total_reply_count":0,"_bbp_voice_count":0,"_bbp_anonymous_reply_count":0,"_bbp_topic_count_hidden":0,"_bbp_reply_count_hidden":0,"_bbp_forum_subforum_count":0,"footnotes":""},"categories":[10],"tags":[],"class_list":["post-20861","post","type-post","status-publish","format-standard","has-post-thumbnail","hentry","category-1r"],"post_mailing_queue_ids":[],"_links":{"self":[{"href":"https:\/\/agora.xtec.cat\/escolacollserolacerdanyola\/wp-json\/wp\/v2\/posts\/20861","targetHints":{"allow":["GET"]}}],"collection":[{"href":"https:\/\/agora.xtec.cat\/escolacollserolacerdanyola\/wp-json\/wp\/v2\/posts"}],"about":[{"href":"https:\/\/agora.xtec.cat\/escolacollserolacerdanyola\/wp-json\/wp\/v2\/types\/post"}],"author":[{"embeddable":true,"href":"https:\/\/agora.xtec.cat\/escolacollserolacerdanyola\/wp-json\/wp\/v2\/users\/7"}],"replies":[{"embeddable":true,"href":"https:\/\/agora.xtec.cat\/escolacollserolacerdanyola\/wp-json\/wp\/v2\/comments?post=20861"}],"version-history":[{"count":1,"href":"https:\/\/agora.xtec.cat\/escolacollserolacerdanyola\/wp-json\/wp\/v2\/posts\/20861\/revisions"}],"predecessor-version":[{"id":20863,"href":"https:\/\/agora.xtec.cat\/escolacollserolacerdanyola\/wp-json\/wp\/v2\/posts\/20861\/revisions\/20863"}],"wp:featuredmedia":[{"embeddable":true,"href":"https:\/\/agora.xtec.cat\/escolacollserolacerdanyola\/wp-json\/wp\/v2\/media\/20862"}],"wp:attachment":[{"href":"https:\/\/agora.xtec.cat\/escolacollserolacerdanyola\/wp-json\/wp\/v2\/media?parent=20861"}],"wp:term":[{"taxonomy":"category","embeddable":true,"href":"https:\/\/agora.xtec.cat\/escolacollserolacerdanyola\/wp-json\/wp\/v2\/categories?post=20861"},{"taxonomy":"post_tag","embeddable":true,"href":"https:\/\/agora.xtec.cat\/escolacollserolacerdanyola\/wp-json\/wp\/v2\/tags?post=20861"}],"curies":[{"name":"wp","href":"https:\/\/api.w.org\/{rel}","templated":true}]}}