{"id":20549,"date":"2020-03-09T18:00:36","date_gmt":"2020-03-09T17:00:36","guid":{"rendered":"http:\/\/agora.xtec.cat\/escolacollserolacerdanyola\/?p=20549"},"modified":"2020-03-09T18:02:16","modified_gmt":"2020-03-09T17:02:16","slug":"les-ovelles-visitem-la-granja","status":"publish","type":"post","link":"https:\/\/agora.xtec.cat\/escolacollserolacerdanyola\/ei3-ei4-ei5\/les-ovelles-visitem-la-granja\/","title":{"rendered":"Les Ovelles visitem la granja"},"content":{"rendered":"<p style=\"text-align: center\">Per fi va arribar el dia d\u2019anar d\u2019excursi\u00f3 a la granja. La primera sortida de tot el dia. Ens ho vam passar s\u00faper b\u00e9. Tot i que ens va fer una mica de vent. Vam poder pujar a cavall i fer una volta en carro. Tamb\u00e9, vam poder veure i tocar,\u00a0 cabretes, porquets, un poni, dos ases, una vaca, conills i gallines, per\u00f2 no vam poder veure les ovelles, perqu\u00e8 est\u00e0ven embarassades i no els hi agrada que les toquin. Un cop acabada la visita vam poder gaudir d\u2019esbarjo. Un dia perfecte!!!!<\/p>\n<p style=\"text-align: center\"><a href=\"https:\/\/agora.xtec.cat\/escolacollserolacerdanyola\/wp-content\/uploads\/usu1390\/2020\/03\/20200306_102608-1.jpg\"><img loading=\"lazy\" decoding=\"async\" class=\"alignnone size-full wp-image-20598\" src=\"https:\/\/agora.xtec.cat\/escolacollserolacerdanyola\/wp-content\/uploads\/usu1390\/2020\/03\/20200306_102608-1.jpg\" alt=\"\" width=\"258\" height=\"194\" srcset=\"https:\/\/agora.xtec.cat\/escolacollserolacerdanyola\/wp-content\/uploads\/usu1390\/2020\/03\/20200306_102608-1.jpg 258w, https:\/\/agora.xtec.cat\/escolacollserolacerdanyola\/wp-content\/uploads\/usu1390\/2020\/03\/20200306_102608-1-200x150.jpg 200w\" sizes=\"auto, (max-width: 258px) 100vw, 258px\" \/><\/a><\/p>\n<p style=\"text-align: center\">\u00a0 <a href=\"https:\/\/photos.app.goo.gl\/ZQYZRopFdiyvWWdEA\">clica i veur\u00e0s<\/a><\/p>\n<p>&nbsp;<\/p>\n<p style=\"text-align: center\">\n","protected":false},"excerpt":{"rendered":"<p>Per fi va arribar el dia d\u2019anar d\u2019excursi\u00f3 a la granja. La primera sortida de tot el dia. Ens ho vam passar s\u00faper b\u00e9. Tot i que ens va fer una mica de vent. Vam poder pujar a cavall i fer una volta en carro.&hellip;  <a href=\"https:\/\/agora.xtec.cat\/escolacollserolacerdanyola\/ei3-ei4-ei5\/les-ovelles-visitem-la-granja\/\" title=\"Read Les Ovelles visitem la granja\">Llegeix m\u00e9s\u00bb<\/a><\/p>\n","protected":false},"author":6,"featured_media":20598,"comment_status":"open","ping_status":"closed","sticky":false,"template":"","format":"standard","meta":{"_bbp_topic_count":0,"_bbp_reply_count":0,"_bbp_total_topic_count":0,"_bbp_total_reply_count":0,"_bbp_voice_count":0,"_bbp_anonymous_reply_count":0,"_bbp_topic_count_hidden":0,"_bbp_reply_count_hidden":0,"_bbp_forum_subforum_count":0,"footnotes":""},"categories":[2,3],"tags":[],"class_list":["post-20549","post","type-post","status-publish","format-standard","has-post-thumbnail","hentry","category-ei3-ei4-ei5","category-ei3"],"post_mailing_queue_ids":[],"_links":{"self":[{"href":"https:\/\/agora.xtec.cat\/escolacollserolacerdanyola\/wp-json\/wp\/v2\/posts\/20549","targetHints":{"allow":["GET"]}}],"collection":[{"href":"https:\/\/agora.xtec.cat\/escolacollserolacerdanyola\/wp-json\/wp\/v2\/posts"}],"about":[{"href":"https:\/\/agora.xtec.cat\/escolacollserolacerdanyola\/wp-json\/wp\/v2\/types\/post"}],"author":[{"embeddable":true,"href":"https:\/\/agora.xtec.cat\/escolacollserolacerdanyola\/wp-json\/wp\/v2\/users\/6"}],"replies":[{"embeddable":true,"href":"https:\/\/agora.xtec.cat\/escolacollserolacerdanyola\/wp-json\/wp\/v2\/comments?post=20549"}],"version-history":[{"count":3,"href":"https:\/\/agora.xtec.cat\/escolacollserolacerdanyola\/wp-json\/wp\/v2\/posts\/20549\/revisions"}],"predecessor-version":[{"id":20599,"href":"https:\/\/agora.xtec.cat\/escolacollserolacerdanyola\/wp-json\/wp\/v2\/posts\/20549\/revisions\/20599"}],"wp:featuredmedia":[{"embeddable":true,"href":"https:\/\/agora.xtec.cat\/escolacollserolacerdanyola\/wp-json\/wp\/v2\/media\/20598"}],"wp:attachment":[{"href":"https:\/\/agora.xtec.cat\/escolacollserolacerdanyola\/wp-json\/wp\/v2\/media?parent=20549"}],"wp:term":[{"taxonomy":"category","embeddable":true,"href":"https:\/\/agora.xtec.cat\/escolacollserolacerdanyola\/wp-json\/wp\/v2\/categories?post=20549"},{"taxonomy":"post_tag","embeddable":true,"href":"https:\/\/agora.xtec.cat\/escolacollserolacerdanyola\/wp-json\/wp\/v2\/tags?post=20549"}],"curies":[{"name":"wp","href":"https:\/\/api.w.org\/{rel}","templated":true}]}}