{"id":20508,"date":"2020-03-01T20:56:13","date_gmt":"2020-03-01T19:56:13","guid":{"rendered":"http:\/\/agora.xtec.cat\/escolacollserolacerdanyola\/?p=20508"},"modified":"2020-06-03T14:51:07","modified_gmt":"2020-06-03T12:51:07","slug":"sortida-de-6e-a-les-mines-de-gava","status":"publish","type":"post","link":"https:\/\/agora.xtec.cat\/escolacollserolacerdanyola\/de-1r-a-6e\/6e\/sortida-de-6e-a-les-mines-de-gava\/","title":{"rendered":"Sortida de 6\u00e8 a les mines de Gav\u00e0"},"content":{"rendered":"<p>Aqu\u00ed teniu algunes fotos i v\u00eddeos de la sortida que vam fer l&#8217;alumnat de 6\u00e8 a les mines de Gav\u00e0.<\/p>\n<p>Tot el que vam veure i fer va ser molt interessant.<\/p>\n<p>Ens ho vam passar d&#8217;all\u00f2 m\u00e9s b\u00e9!<\/p>\n<p><a href=\"https:\/\/photos.app.goo.gl\/Vgn37JhBXFPJjjBm7\"><img loading=\"lazy\" decoding=\"async\" class=\"alignnone size-medium wp-image-20517\" src=\"https:\/\/agora.xtec.cat\/escolacollserolacerdanyola\/wp-content\/uploads\/usu1390\/2020\/03\/Sin-t\u00edtulo-3-300x106.png\" alt=\"\" width=\"300\" height=\"106\" srcset=\"https:\/\/agora.xtec.cat\/escolacollserolacerdanyola\/wp-content\/uploads\/usu1390\/2020\/03\/Sin-t\u00edtulo-3-300x106.png 300w, https:\/\/agora.xtec.cat\/escolacollserolacerdanyola\/wp-content\/uploads\/usu1390\/2020\/03\/Sin-t\u00edtulo-3.png 716w\" sizes=\"auto, (max-width: 300px) 100vw, 300px\" \/><\/a><\/p>\n","protected":false},"excerpt":{"rendered":"<p>Aqu\u00ed teniu algunes fotos i v\u00eddeos de la sortida que vam fer l&#8217;alumnat de 6\u00e8 a les mines de Gav\u00e0.<br \/>\nTot el que vam veure i fer va ser molt interessant.<br \/>\nEns ho vam passar d&#8217;all\u00f2 m\u00e9s b\u00e9!<br \/>\n<a href=\"https:\/\/photos.app.goo.gl\/Vgn37JhBXFPJjjBm7\"><\/a><\/p>\n","protected":false},"author":21,"featured_media":20517,"comment_status":"open","ping_status":"closed","sticky":false,"template":"","format":"standard","meta":{"_bbp_topic_count":0,"_bbp_reply_count":0,"_bbp_total_topic_count":0,"_bbp_total_reply_count":0,"_bbp_voice_count":0,"_bbp_anonymous_reply_count":0,"_bbp_topic_count_hidden":0,"_bbp_reply_count_hidden":0,"_bbp_forum_subforum_count":0,"footnotes":""},"categories":[15,86],"tags":[602,16],"class_list":["post-20508","post","type-post","status-publish","format-standard","has-post-thumbnail","hentry","category-6e","category-grans","tag-mines-de-gava","tag-sortides"],"post_mailing_queue_ids":[],"_links":{"self":[{"href":"https:\/\/agora.xtec.cat\/escolacollserolacerdanyola\/wp-json\/wp\/v2\/posts\/20508","targetHints":{"allow":["GET"]}}],"collection":[{"href":"https:\/\/agora.xtec.cat\/escolacollserolacerdanyola\/wp-json\/wp\/v2\/posts"}],"about":[{"href":"https:\/\/agora.xtec.cat\/escolacollserolacerdanyola\/wp-json\/wp\/v2\/types\/post"}],"author":[{"embeddable":true,"href":"https:\/\/agora.xtec.cat\/escolacollserolacerdanyola\/wp-json\/wp\/v2\/users\/21"}],"replies":[{"embeddable":true,"href":"https:\/\/agora.xtec.cat\/escolacollserolacerdanyola\/wp-json\/wp\/v2\/comments?post=20508"}],"version-history":[{"count":3,"href":"https:\/\/agora.xtec.cat\/escolacollserolacerdanyola\/wp-json\/wp\/v2\/posts\/20508\/revisions"}],"predecessor-version":[{"id":20519,"href":"https:\/\/agora.xtec.cat\/escolacollserolacerdanyola\/wp-json\/wp\/v2\/posts\/20508\/revisions\/20519"}],"wp:featuredmedia":[{"embeddable":true,"href":"https:\/\/agora.xtec.cat\/escolacollserolacerdanyola\/wp-json\/wp\/v2\/media\/20517"}],"wp:attachment":[{"href":"https:\/\/agora.xtec.cat\/escolacollserolacerdanyola\/wp-json\/wp\/v2\/media?parent=20508"}],"wp:term":[{"taxonomy":"category","embeddable":true,"href":"https:\/\/agora.xtec.cat\/escolacollserolacerdanyola\/wp-json\/wp\/v2\/categories?post=20508"},{"taxonomy":"post_tag","embeddable":true,"href":"https:\/\/agora.xtec.cat\/escolacollserolacerdanyola\/wp-json\/wp\/v2\/tags?post=20508"}],"curies":[{"name":"wp","href":"https:\/\/api.w.org\/{rel}","templated":true}]}}