{"id":20495,"date":"2020-02-29T09:41:19","date_gmt":"2020-02-29T08:41:19","guid":{"rendered":"http:\/\/agora.xtec.cat\/escolacollserolacerdanyola\/?p=20495"},"modified":"2020-03-16T12:26:55","modified_gmt":"2020-03-16T11:26:55","slug":"jornades-culturals-2020-talps","status":"publish","type":"post","link":"https:\/\/agora.xtec.cat\/escolacollserolacerdanyola\/de-1r-a-6e\/jornades-culturals-2020-talps\/","title":{"rendered":"Jornades culturals 2020 &#8211; Talps"},"content":{"rendered":"<p>El tema de la setmana cultural d\u2019aquest any ha estat \u201cLa Terra en perill\u201d. Ens ho hem passat molt b\u00e9 i hem apr\u00e8s moltes coses sobre els animals en perill d\u2019extinci\u00f3, la contaminaci\u00f3, la reutilitzaci\u00f3 dels residus i hem descobert qu\u00e8 s\u00f3n les illes de pl\u00e0stic que hi ha als oceans.<\/p>\n<p>En aquesta presentaci\u00f3 us expliquem una mica qu\u00e8 hem anat fent al llarg de la setmana. A poc a poc ens hem anat conscienciant de la necessitat de prendre mesures per reduir els residus que generem. \u00c9s per aix\u00f2 que aquest any us ho presentem en format digital. Esperem que us agradi!<\/p>\n<p><a href=\"https:\/\/drive.google.com\/file\/d\/1poI3Tpx1L4thjgoQWjA3aVvh_N-kHsfU\/view?usp=sharing\">Presentaci\u00f3 Jornades culturals 2n<\/a><\/p>\n<p><a href=\"https:\/\/agora.xtec.cat\/escolacollserolacerdanyola\/wp-content\/uploads\/usu1390\/2020\/02\/portada-post-jornades.jpg\"> \u00a0 \u00a0 <\/a><a href=\"https:\/\/agora.xtec.cat\/escolacollserolacerdanyola\/wp-content\/uploads\/usu1390\/2020\/02\/portada-post-jornades.jpg\"><img loading=\"lazy\" decoding=\"async\" class=\"aligncenter wp-image-20645 size-large\" src=\"https:\/\/agora.xtec.cat\/escolacollserolacerdanyola\/wp-content\/uploads\/usu1390\/2020\/02\/portada-post-jornades-1024x513.jpg\" alt=\"\" width=\"1024\" height=\"513\" srcset=\"https:\/\/agora.xtec.cat\/escolacollserolacerdanyola\/wp-content\/uploads\/usu1390\/2020\/02\/portada-post-jornades-1024x513.jpg 1024w, https:\/\/agora.xtec.cat\/escolacollserolacerdanyola\/wp-content\/uploads\/usu1390\/2020\/02\/portada-post-jornades-300x150.jpg 300w, https:\/\/agora.xtec.cat\/escolacollserolacerdanyola\/wp-content\/uploads\/usu1390\/2020\/02\/portada-post-jornades-768x385.jpg 768w\" sizes=\"auto, (max-width: 1024px) 100vw, 1024px\" \/><\/a>Si voleu veure totes les fotos cliqueu a <a href=\"https:\/\/photos.app.goo.gl\/8Zvvm5sfYNkGFxfy6\">l&#8217;enlla\u00e7.<\/a><\/p>\n","protected":false},"excerpt":{"rendered":"<p>El tema de la setmana cultural d\u2019aquest any ha estat \u201cLa Terra en perill\u201d. Ens ho hem passat molt b\u00e9 i hem apr\u00e8s moltes coses sobre els animals en perill d\u2019extinci\u00f3, la contaminaci\u00f3, la reutilitzaci\u00f3 dels residus i hem descobert qu\u00e8 s\u00f3n les illes de&hellip;  <a href=\"https:\/\/agora.xtec.cat\/escolacollserolacerdanyola\/de-1r-a-6e\/jornades-culturals-2020-talps\/\" title=\"Read Jornades culturals 2020 &#8211; Talps\">Llegeix m\u00e9s\u00bb<\/a><\/p>\n","protected":false},"author":7,"featured_media":20645,"comment_status":"open","ping_status":"closed","sticky":false,"template":"","format":"standard","meta":{"_bbp_topic_count":0,"_bbp_reply_count":0,"_bbp_total_topic_count":0,"_bbp_total_reply_count":0,"_bbp_voice_count":0,"_bbp_anonymous_reply_count":0,"_bbp_topic_count_hidden":0,"_bbp_reply_count_hidden":0,"_bbp_forum_subforum_count":0,"footnotes":""},"categories":[11,5],"tags":[],"class_list":["post-20495","post","type-post","status-publish","format-standard","has-post-thumbnail","hentry","category-2n","category-de-1r-a-6e"],"post_mailing_queue_ids":[],"_links":{"self":[{"href":"https:\/\/agora.xtec.cat\/escolacollserolacerdanyola\/wp-json\/wp\/v2\/posts\/20495","targetHints":{"allow":["GET"]}}],"collection":[{"href":"https:\/\/agora.xtec.cat\/escolacollserolacerdanyola\/wp-json\/wp\/v2\/posts"}],"about":[{"href":"https:\/\/agora.xtec.cat\/escolacollserolacerdanyola\/wp-json\/wp\/v2\/types\/post"}],"author":[{"embeddable":true,"href":"https:\/\/agora.xtec.cat\/escolacollserolacerdanyola\/wp-json\/wp\/v2\/users\/7"}],"replies":[{"embeddable":true,"href":"https:\/\/agora.xtec.cat\/escolacollserolacerdanyola\/wp-json\/wp\/v2\/comments?post=20495"}],"version-history":[{"count":3,"href":"https:\/\/agora.xtec.cat\/escolacollserolacerdanyola\/wp-json\/wp\/v2\/posts\/20495\/revisions"}],"predecessor-version":[{"id":20647,"href":"https:\/\/agora.xtec.cat\/escolacollserolacerdanyola\/wp-json\/wp\/v2\/posts\/20495\/revisions\/20647"}],"wp:featuredmedia":[{"embeddable":true,"href":"https:\/\/agora.xtec.cat\/escolacollserolacerdanyola\/wp-json\/wp\/v2\/media\/20645"}],"wp:attachment":[{"href":"https:\/\/agora.xtec.cat\/escolacollserolacerdanyola\/wp-json\/wp\/v2\/media?parent=20495"}],"wp:term":[{"taxonomy":"category","embeddable":true,"href":"https:\/\/agora.xtec.cat\/escolacollserolacerdanyola\/wp-json\/wp\/v2\/categories?post=20495"},{"taxonomy":"post_tag","embeddable":true,"href":"https:\/\/agora.xtec.cat\/escolacollserolacerdanyola\/wp-json\/wp\/v2\/tags?post=20495"}],"curies":[{"name":"wp","href":"https:\/\/api.w.org\/{rel}","templated":true}]}}