{"id":20481,"date":"2020-02-27T23:37:00","date_gmt":"2020-02-27T22:37:00","guid":{"rendered":"http:\/\/agora.xtec.cat\/escolacollserolacerdanyola\/?p=20481"},"modified":"2020-03-08T19:52:37","modified_gmt":"2020-03-08T18:52:37","slug":"un-planeta-plastificat","status":"publish","type":"post","link":"https:\/\/agora.xtec.cat\/escolacollserolacerdanyola\/de-1r-a-6e\/5e\/un-planeta-plastificat\/","title":{"rendered":"Un planeta plastificat"},"content":{"rendered":"<p>L&#8217;\u00faltim dia de la setmana cultural, vam anar a veure l&#8217;exposici\u00f3 &#8220;un planeta plastificat&#8221;. Tots 5 espais han estat valorats molt b\u00e9 pels alumnes!!! \u00a0 <a href=\"https:\/\/photos.app.goo.gl\/NeqxGgUkuwA33TTE9\">Fotos<\/a><\/p>\n","protected":false},"excerpt":{"rendered":"<p>L&#8217;\u00faltim dia de la setmana cultural, vam anar a veure l&#8217;exposici\u00f3 &#8220;un planeta plastificat&#8221;. Tots 5 espais han estat valorats molt b\u00e9 pels alumnes!!! \u00a0 <a href=\"https:\/\/photos.app.goo.gl\/NeqxGgUkuwA33TTE9\">Fotos<\/a><\/p>\n","protected":false},"author":9,"featured_media":20554,"comment_status":"open","ping_status":"closed","sticky":false,"template":"","format":"standard","meta":{"_bbp_topic_count":0,"_bbp_reply_count":0,"_bbp_total_topic_count":0,"_bbp_total_reply_count":0,"_bbp_voice_count":0,"_bbp_anonymous_reply_count":0,"_bbp_topic_count_hidden":0,"_bbp_reply_count_hidden":0,"_bbp_forum_subforum_count":0,"footnotes":""},"categories":[14],"tags":[],"class_list":["post-20481","post","type-post","status-publish","format-standard","has-post-thumbnail","hentry","category-5e"],"post_mailing_queue_ids":[],"_links":{"self":[{"href":"https:\/\/agora.xtec.cat\/escolacollserolacerdanyola\/wp-json\/wp\/v2\/posts\/20481","targetHints":{"allow":["GET"]}}],"collection":[{"href":"https:\/\/agora.xtec.cat\/escolacollserolacerdanyola\/wp-json\/wp\/v2\/posts"}],"about":[{"href":"https:\/\/agora.xtec.cat\/escolacollserolacerdanyola\/wp-json\/wp\/v2\/types\/post"}],"author":[{"embeddable":true,"href":"https:\/\/agora.xtec.cat\/escolacollserolacerdanyola\/wp-json\/wp\/v2\/users\/9"}],"replies":[{"embeddable":true,"href":"https:\/\/agora.xtec.cat\/escolacollserolacerdanyola\/wp-json\/wp\/v2\/comments?post=20481"}],"version-history":[{"count":1,"href":"https:\/\/agora.xtec.cat\/escolacollserolacerdanyola\/wp-json\/wp\/v2\/posts\/20481\/revisions"}],"predecessor-version":[{"id":20484,"href":"https:\/\/agora.xtec.cat\/escolacollserolacerdanyola\/wp-json\/wp\/v2\/posts\/20481\/revisions\/20484"}],"wp:featuredmedia":[{"embeddable":true,"href":"https:\/\/agora.xtec.cat\/escolacollserolacerdanyola\/wp-json\/wp\/v2\/media\/20554"}],"wp:attachment":[{"href":"https:\/\/agora.xtec.cat\/escolacollserolacerdanyola\/wp-json\/wp\/v2\/media?parent=20481"}],"wp:term":[{"taxonomy":"category","embeddable":true,"href":"https:\/\/agora.xtec.cat\/escolacollserolacerdanyola\/wp-json\/wp\/v2\/categories?post=20481"},{"taxonomy":"post_tag","embeddable":true,"href":"https:\/\/agora.xtec.cat\/escolacollserolacerdanyola\/wp-json\/wp\/v2\/tags?post=20481"}],"curies":[{"name":"wp","href":"https:\/\/api.w.org\/{rel}","templated":true}]}}