{"id":20475,"date":"2020-02-27T23:23:58","date_gmt":"2020-02-27T22:23:58","guid":{"rendered":"http:\/\/agora.xtec.cat\/escolacollserolacerdanyola\/?p=20475"},"modified":"2020-03-08T19:55:07","modified_gmt":"2020-03-08T18:55:07","slug":"el-refugi-climatic-de-la-dr-shiva","status":"publish","type":"post","link":"https:\/\/agora.xtec.cat\/escolacollserolacerdanyola\/de-1r-a-6e\/5e\/el-refugi-climatic-de-la-dr-shiva\/","title":{"rendered":"El refugi clim\u00e0tic de la Dr. Shiva"},"content":{"rendered":"<p>En aquest taller vam sortir al parc de les papallones a fer diferents activitats: \u00e9s accessible per tothom (avis, nens, cegs, persones en cadires de rodes, embarassades&#8230;)?, on ens podriem refugiar si augmenta la temperatura (hi ha prou ombres? fonts?), quina temperatura fa al sol, a la ombra, on hi ha humitat? i per \u00faltim, vam dissenyar un barri d&#8217;acord amb all\u00f2 apr\u00e8s. Gaudiu de les <a href=\"https:\/\/photos.app.goo.gl\/QY4KuGahdJvFZz4GA\">fotos.<\/a><\/p>\n","protected":false},"excerpt":{"rendered":"<p>En aquest taller vam sortir al parc de les papallones a fer diferents activitats: \u00e9s accessible per tothom (avis, nens, cegs, persones en cadires de rodes, embarassades&#8230;)?, on ens podriem refugiar si augmenta la temperatura (hi ha prou ombres? fonts?), quina temperatura fa al sol,&hellip;  <a href=\"https:\/\/agora.xtec.cat\/escolacollserolacerdanyola\/de-1r-a-6e\/5e\/el-refugi-climatic-de-la-dr-shiva\/\" title=\"Read El refugi clim\u00e0tic de la Dr. Shiva\">Llegeix m\u00e9s\u00bb<\/a><\/p>\n","protected":false},"author":9,"featured_media":20555,"comment_status":"open","ping_status":"closed","sticky":false,"template":"","format":"standard","meta":{"_bbp_topic_count":0,"_bbp_reply_count":0,"_bbp_total_topic_count":0,"_bbp_total_reply_count":0,"_bbp_voice_count":0,"_bbp_anonymous_reply_count":0,"_bbp_topic_count_hidden":0,"_bbp_reply_count_hidden":0,"_bbp_forum_subforum_count":0,"footnotes":""},"categories":[14],"tags":[],"class_list":["post-20475","post","type-post","status-publish","format-standard","has-post-thumbnail","hentry","category-5e"],"post_mailing_queue_ids":[],"_links":{"self":[{"href":"https:\/\/agora.xtec.cat\/escolacollserolacerdanyola\/wp-json\/wp\/v2\/posts\/20475","targetHints":{"allow":["GET"]}}],"collection":[{"href":"https:\/\/agora.xtec.cat\/escolacollserolacerdanyola\/wp-json\/wp\/v2\/posts"}],"about":[{"href":"https:\/\/agora.xtec.cat\/escolacollserolacerdanyola\/wp-json\/wp\/v2\/types\/post"}],"author":[{"embeddable":true,"href":"https:\/\/agora.xtec.cat\/escolacollserolacerdanyola\/wp-json\/wp\/v2\/users\/9"}],"replies":[{"embeddable":true,"href":"https:\/\/agora.xtec.cat\/escolacollserolacerdanyola\/wp-json\/wp\/v2\/comments?post=20475"}],"version-history":[{"count":2,"href":"https:\/\/agora.xtec.cat\/escolacollserolacerdanyola\/wp-json\/wp\/v2\/posts\/20475\/revisions"}],"predecessor-version":[{"id":20480,"href":"https:\/\/agora.xtec.cat\/escolacollserolacerdanyola\/wp-json\/wp\/v2\/posts\/20475\/revisions\/20480"}],"wp:featuredmedia":[{"embeddable":true,"href":"https:\/\/agora.xtec.cat\/escolacollserolacerdanyola\/wp-json\/wp\/v2\/media\/20555"}],"wp:attachment":[{"href":"https:\/\/agora.xtec.cat\/escolacollserolacerdanyola\/wp-json\/wp\/v2\/media?parent=20475"}],"wp:term":[{"taxonomy":"category","embeddable":true,"href":"https:\/\/agora.xtec.cat\/escolacollserolacerdanyola\/wp-json\/wp\/v2\/categories?post=20475"},{"taxonomy":"post_tag","embeddable":true,"href":"https:\/\/agora.xtec.cat\/escolacollserolacerdanyola\/wp-json\/wp\/v2\/tags?post=20475"}],"curies":[{"name":"wp","href":"https:\/\/api.w.org\/{rel}","templated":true}]}}