{"id":20436,"date":"2020-02-25T22:41:42","date_gmt":"2020-02-25T21:41:42","guid":{"rendered":"http:\/\/agora.xtec.cat\/escolacollserolacerdanyola\/?p=20436"},"modified":"2020-03-06T17:18:13","modified_gmt":"2020-03-06T16:18:13","slug":"fem-ciencia-electricitat-estatica","status":"publish","type":"post","link":"https:\/\/agora.xtec.cat\/escolacollserolacerdanyola\/ei3-ei4-ei5\/fem-ciencia-electricitat-estatica\/","title":{"rendered":"fem ci\u00e8ncia: electricitat est\u00e0tica."},"content":{"rendered":"<p>Els cient\u00edfics de P4 i P5 no parem. Cada dijous ens posem les bates i ens deixem endur pel plantejament d&#8217;una pregunta. A partir d&#8217;aqu\u00ed, treballem com uns veritables cient\u00edfics. Plantegem hip\u00f2tesis, experimentem, i posteriorment comprovem les hip\u00f2tesis i reformulem si cal. No \u00e9s f\u00e0cil, per\u00f2 ens en sortim.<\/p>\n<p>Aquestes setmanes hem treballat l&#8217;electricitat est\u00e0tica i la imantaci\u00f3. Sempre partint d&#8217;una pregunta hem fet servir el cap per pensar per qu\u00e8 passa. El m\u00e9s divertit per\u00f2 sempre \u00e9s experimentar. I \u00e9s que en aix\u00f2 som uns experts!!!!<\/p>\n<p>&nbsp;<\/p>\n<p><a href=\"https:\/\/photos.app.goo.gl\/4FWum2zjEYgJ4BUS7\">electricitat est\u00e0tica P4 i P5<\/a><\/p>\n","protected":false},"excerpt":{"rendered":"<p>Els cient\u00edfics de P4 i P5 no parem. Cada dijous ens posem les bates i ens deixem endur pel plantejament d&#8217;una pregunta. A partir d&#8217;aqu\u00ed, treballem com uns veritables cient\u00edfics. Plantegem hip\u00f2tesis, experimentem, i posteriorment comprovem les hip\u00f2tesis i reformulem si cal. No \u00e9s f\u00e0cil,&hellip;  <a href=\"https:\/\/agora.xtec.cat\/escolacollserolacerdanyola\/ei3-ei4-ei5\/fem-ciencia-electricitat-estatica\/\" title=\"Read fem ci\u00e8ncia: electricitat est\u00e0tica.\">Llegeix m\u00e9s\u00bb<\/a><\/p>\n","protected":false},"author":33,"featured_media":0,"comment_status":"open","ping_status":"closed","sticky":false,"template":"","format":"standard","meta":{"_bbp_topic_count":0,"_bbp_reply_count":0,"_bbp_total_topic_count":0,"_bbp_total_reply_count":0,"_bbp_voice_count":0,"_bbp_anonymous_reply_count":0,"_bbp_topic_count_hidden":0,"_bbp_reply_count_hidden":0,"_bbp_forum_subforum_count":0,"footnotes":""},"categories":[2,8,9],"tags":[],"class_list":["post-20436","post","type-post","status-publish","format-standard","hentry","category-ei3-ei4-ei5","category-ei4","category-ei5"],"post_mailing_queue_ids":[],"_links":{"self":[{"href":"https:\/\/agora.xtec.cat\/escolacollserolacerdanyola\/wp-json\/wp\/v2\/posts\/20436","targetHints":{"allow":["GET"]}}],"collection":[{"href":"https:\/\/agora.xtec.cat\/escolacollserolacerdanyola\/wp-json\/wp\/v2\/posts"}],"about":[{"href":"https:\/\/agora.xtec.cat\/escolacollserolacerdanyola\/wp-json\/wp\/v2\/types\/post"}],"author":[{"embeddable":true,"href":"https:\/\/agora.xtec.cat\/escolacollserolacerdanyola\/wp-json\/wp\/v2\/users\/33"}],"replies":[{"embeddable":true,"href":"https:\/\/agora.xtec.cat\/escolacollserolacerdanyola\/wp-json\/wp\/v2\/comments?post=20436"}],"version-history":[{"count":1,"href":"https:\/\/agora.xtec.cat\/escolacollserolacerdanyola\/wp-json\/wp\/v2\/posts\/20436\/revisions"}],"predecessor-version":[{"id":20437,"href":"https:\/\/agora.xtec.cat\/escolacollserolacerdanyola\/wp-json\/wp\/v2\/posts\/20436\/revisions\/20437"}],"wp:attachment":[{"href":"https:\/\/agora.xtec.cat\/escolacollserolacerdanyola\/wp-json\/wp\/v2\/media?parent=20436"}],"wp:term":[{"taxonomy":"category","embeddable":true,"href":"https:\/\/agora.xtec.cat\/escolacollserolacerdanyola\/wp-json\/wp\/v2\/categories?post=20436"},{"taxonomy":"post_tag","embeddable":true,"href":"https:\/\/agora.xtec.cat\/escolacollserolacerdanyola\/wp-json\/wp\/v2\/tags?post=20436"}],"curies":[{"name":"wp","href":"https:\/\/api.w.org\/{rel}","templated":true}]}}