{"id":20430,"date":"2020-02-25T22:33:59","date_gmt":"2020-02-25T21:33:59","guid":{"rendered":"http:\/\/agora.xtec.cat\/escolacollserolacerdanyola\/?p=20430"},"modified":"2020-02-25T22:33:59","modified_gmt":"2020-02-25T21:33:59","slug":"lespai-de-contes-els-mars-i-els-oceans","status":"publish","type":"post","link":"https:\/\/agora.xtec.cat\/escolacollserolacerdanyola\/ei3-ei4-ei5\/lespai-de-contes-els-mars-i-els-oceans\/","title":{"rendered":"l&#8217;espai de contes: els mars i els oceans."},"content":{"rendered":"<p>Avan\u00e7ant-nos a les jornades culturals, i a mode de preparaci\u00f3, l&#8217;espai de contes es transforma i ens ofereix contes sobre els mars i els oceans, i sobre els animals que en ells habiten. En ell hi trobem contes sobre aventures marines, com la balena i el petit cargol, o en tibul\u00ed, per\u00f2 tamb\u00e9 llibres sobre animals marins, sobre la contaminaci\u00f3 dels oceans, i les grans problem\u00e0tiques actuals. Tamb\u00e9 podem fer puzzles sobre els diferents animals que viuen en els mars i continents i buscar a la bola de la terra on viuen els diferents animals. Per acabar podem jugar amb diferents animals marins, ens encanta!<\/p>\n<p>&nbsp;<\/p>\n<p><a href=\"https:\/\/photos.app.goo.gl\/zmDeiGhR3tvLNYUb6\">espai de contes del mar<\/a><\/p>\n","protected":false},"excerpt":{"rendered":"<p>Avan\u00e7ant-nos a les jornades culturals, i a mode de preparaci\u00f3, l&#8217;espai de contes es transforma i ens ofereix contes sobre els mars i els oceans, i sobre els animals que en ells habiten. En ell hi trobem contes sobre aventures marines, com la balena i&hellip;  <a href=\"https:\/\/agora.xtec.cat\/escolacollserolacerdanyola\/ei3-ei4-ei5\/lespai-de-contes-els-mars-i-els-oceans\/\" title=\"Read l&#8217;espai de contes: els mars i els oceans.\">Llegeix m\u00e9s\u00bb<\/a><\/p>\n","protected":false},"author":33,"featured_media":0,"comment_status":"open","ping_status":"closed","sticky":false,"template":"","format":"standard","meta":{"_bbp_topic_count":0,"_bbp_reply_count":0,"_bbp_total_topic_count":0,"_bbp_total_reply_count":0,"_bbp_voice_count":0,"_bbp_anonymous_reply_count":0,"_bbp_topic_count_hidden":0,"_bbp_reply_count_hidden":0,"_bbp_forum_subforum_count":0,"footnotes":""},"categories":[2,3,8,9],"tags":[],"class_list":["post-20430","post","type-post","status-publish","format-standard","hentry","category-ei3-ei4-ei5","category-ei3","category-ei4","category-ei5"],"post_mailing_queue_ids":[],"_links":{"self":[{"href":"https:\/\/agora.xtec.cat\/escolacollserolacerdanyola\/wp-json\/wp\/v2\/posts\/20430","targetHints":{"allow":["GET"]}}],"collection":[{"href":"https:\/\/agora.xtec.cat\/escolacollserolacerdanyola\/wp-json\/wp\/v2\/posts"}],"about":[{"href":"https:\/\/agora.xtec.cat\/escolacollserolacerdanyola\/wp-json\/wp\/v2\/types\/post"}],"author":[{"embeddable":true,"href":"https:\/\/agora.xtec.cat\/escolacollserolacerdanyola\/wp-json\/wp\/v2\/users\/33"}],"replies":[{"embeddable":true,"href":"https:\/\/agora.xtec.cat\/escolacollserolacerdanyola\/wp-json\/wp\/v2\/comments?post=20430"}],"version-history":[{"count":2,"href":"https:\/\/agora.xtec.cat\/escolacollserolacerdanyola\/wp-json\/wp\/v2\/posts\/20430\/revisions"}],"predecessor-version":[{"id":20434,"href":"https:\/\/agora.xtec.cat\/escolacollserolacerdanyola\/wp-json\/wp\/v2\/posts\/20430\/revisions\/20434"}],"wp:attachment":[{"href":"https:\/\/agora.xtec.cat\/escolacollserolacerdanyola\/wp-json\/wp\/v2\/media?parent=20430"}],"wp:term":[{"taxonomy":"category","embeddable":true,"href":"https:\/\/agora.xtec.cat\/escolacollserolacerdanyola\/wp-json\/wp\/v2\/categories?post=20430"},{"taxonomy":"post_tag","embeddable":true,"href":"https:\/\/agora.xtec.cat\/escolacollserolacerdanyola\/wp-json\/wp\/v2\/tags?post=20430"}],"curies":[{"name":"wp","href":"https:\/\/api.w.org\/{rel}","templated":true}]}}