{"id":20427,"date":"2020-02-25T22:28:14","date_gmt":"2020-02-25T21:28:14","guid":{"rendered":"http:\/\/agora.xtec.cat\/escolacollserolacerdanyola\/?p=20427"},"modified":"2020-02-25T22:28:14","modified_gmt":"2020-02-25T21:28:14","slug":"lespai-de-contes-contes-del-cos-huma","status":"publish","type":"post","link":"https:\/\/agora.xtec.cat\/escolacollserolacerdanyola\/ei3-ei4-ei5\/lespai-de-contes-contes-del-cos-huma\/","title":{"rendered":"l&#8217;espai de contes: contes del cos hum\u00e0."},"content":{"rendered":"<p>L&#8217;espai de contes \u00e9s un espai tranquil i acollidor, en el que poder gaudir al voltant d&#8217;un llibre i d&#8217;un conte. Per aix\u00f2 els contes canvien i varien, seguint tem\u00e0tiques que els propis infants van demanant. \u00c9s un espai viu, on sempre hi ha un conte nou que ens enlluerna, un llibre que ens explica dades interessants o materials que es permeten aprofundir. Sempre dins d&#8217;una est\u00e8tica que ens permeti gaudir al m\u00e0xim.<\/p>\n<p>Ara,&#8230;conte sobre el nostre propi cos!<\/p>\n<p>&nbsp;<\/p>\n<p><a href=\"https:\/\/photos.app.goo.gl\/JcCgHbJao4sepVjm8\">espai contes cos hum\u00e0<\/a><\/p>\n","protected":false},"excerpt":{"rendered":"<p>L&#8217;espai de contes \u00e9s un espai tranquil i acollidor, en el que poder gaudir al voltant d&#8217;un llibre i d&#8217;un conte. Per aix\u00f2 els contes canvien i varien, seguint tem\u00e0tiques que els propis infants van demanant. \u00c9s un espai viu, on sempre hi ha un&hellip;  <a href=\"https:\/\/agora.xtec.cat\/escolacollserolacerdanyola\/ei3-ei4-ei5\/lespai-de-contes-contes-del-cos-huma\/\" title=\"Read l&#8217;espai de contes: contes del cos hum\u00e0.\">Llegeix m\u00e9s\u00bb<\/a><\/p>\n","protected":false},"author":33,"featured_media":0,"comment_status":"open","ping_status":"closed","sticky":false,"template":"","format":"standard","meta":{"_bbp_topic_count":0,"_bbp_reply_count":0,"_bbp_total_topic_count":0,"_bbp_total_reply_count":0,"_bbp_voice_count":0,"_bbp_anonymous_reply_count":0,"_bbp_topic_count_hidden":0,"_bbp_reply_count_hidden":0,"_bbp_forum_subforum_count":0,"footnotes":""},"categories":[2,3,8,9],"tags":[],"class_list":["post-20427","post","type-post","status-publish","format-standard","hentry","category-ei3-ei4-ei5","category-ei3","category-ei4","category-ei5"],"post_mailing_queue_ids":[],"_links":{"self":[{"href":"https:\/\/agora.xtec.cat\/escolacollserolacerdanyola\/wp-json\/wp\/v2\/posts\/20427","targetHints":{"allow":["GET"]}}],"collection":[{"href":"https:\/\/agora.xtec.cat\/escolacollserolacerdanyola\/wp-json\/wp\/v2\/posts"}],"about":[{"href":"https:\/\/agora.xtec.cat\/escolacollserolacerdanyola\/wp-json\/wp\/v2\/types\/post"}],"author":[{"embeddable":true,"href":"https:\/\/agora.xtec.cat\/escolacollserolacerdanyola\/wp-json\/wp\/v2\/users\/33"}],"replies":[{"embeddable":true,"href":"https:\/\/agora.xtec.cat\/escolacollserolacerdanyola\/wp-json\/wp\/v2\/comments?post=20427"}],"version-history":[{"count":3,"href":"https:\/\/agora.xtec.cat\/escolacollserolacerdanyola\/wp-json\/wp\/v2\/posts\/20427\/revisions"}],"predecessor-version":[{"id":20431,"href":"https:\/\/agora.xtec.cat\/escolacollserolacerdanyola\/wp-json\/wp\/v2\/posts\/20427\/revisions\/20431"}],"wp:attachment":[{"href":"https:\/\/agora.xtec.cat\/escolacollserolacerdanyola\/wp-json\/wp\/v2\/media?parent=20427"}],"wp:term":[{"taxonomy":"category","embeddable":true,"href":"https:\/\/agora.xtec.cat\/escolacollserolacerdanyola\/wp-json\/wp\/v2\/categories?post=20427"},{"taxonomy":"post_tag","embeddable":true,"href":"https:\/\/agora.xtec.cat\/escolacollserolacerdanyola\/wp-json\/wp\/v2\/tags?post=20427"}],"curies":[{"name":"wp","href":"https:\/\/api.w.org\/{rel}","templated":true}]}}