{"id":20397,"date":"2020-02-21T23:34:53","date_gmt":"2020-02-21T22:34:53","guid":{"rendered":"http:\/\/agora.xtec.cat\/escolacollserolacerdanyola\/?p=20397"},"modified":"2020-02-21T23:42:23","modified_gmt":"2020-02-21T22:42:23","slug":"setmana-cultural-4rt","status":"publish","type":"post","link":"https:\/\/agora.xtec.cat\/escolacollserolacerdanyola\/de-1r-a-6e\/4t\/setmana-cultural-4rt\/","title":{"rendered":"Setmana cultural 4rt"},"content":{"rendered":"<p>Aquesta setmana cultural ha estat molt interessant! Hem fet molts tallers i hem apr\u00e8s moltes coses sobre el medi ambient, el canvi clim\u00e0tic, els tipus d&#8217;energies&#8230; Aqu\u00ed teniu algunes fotografies d&#8217;algunes de les activitats.<\/p>\n<p><a href=\"https:\/\/photos.app.goo.gl\/a5BbyyQuHUQ87apG9\"><img loading=\"lazy\" decoding=\"async\" class=\"alignnone size-medium wp-image-20398\" src=\"https:\/\/agora.xtec.cat\/escolacollserolacerdanyola\/wp-content\/uploads\/usu1390\/2020\/02\/IMG_20200220_104340-300x225.jpg\" alt=\"\" width=\"300\" height=\"225\" srcset=\"https:\/\/agora.xtec.cat\/escolacollserolacerdanyola\/wp-content\/uploads\/usu1390\/2020\/02\/IMG_20200220_104340-300x225.jpg 300w, https:\/\/agora.xtec.cat\/escolacollserolacerdanyola\/wp-content\/uploads\/usu1390\/2020\/02\/IMG_20200220_104340-768x576.jpg 768w, https:\/\/agora.xtec.cat\/escolacollserolacerdanyola\/wp-content\/uploads\/usu1390\/2020\/02\/IMG_20200220_104340-1024x768.jpg 1024w, https:\/\/agora.xtec.cat\/escolacollserolacerdanyola\/wp-content\/uploads\/usu1390\/2020\/02\/IMG_20200220_104340-200x150.jpg 200w\" sizes=\"auto, (max-width: 300px) 100vw, 300px\" \/><\/a><\/p>\n<p><a href=\"https:\/\/photos.app.goo.gl\/YhGtb9tmqX4i39tS7\"><img loading=\"lazy\" decoding=\"async\" class=\"alignnone size-medium wp-image-20399\" src=\"https:\/\/agora.xtec.cat\/escolacollserolacerdanyola\/wp-content\/uploads\/usu1390\/2020\/02\/Sin-t\u00edtulo-10-300x194.png\" alt=\"\" width=\"300\" height=\"194\" srcset=\"https:\/\/agora.xtec.cat\/escolacollserolacerdanyola\/wp-content\/uploads\/usu1390\/2020\/02\/Sin-t\u00edtulo-10-300x194.png 300w, https:\/\/agora.xtec.cat\/escolacollserolacerdanyola\/wp-content\/uploads\/usu1390\/2020\/02\/Sin-t\u00edtulo-10-768x497.png 768w, https:\/\/agora.xtec.cat\/escolacollserolacerdanyola\/wp-content\/uploads\/usu1390\/2020\/02\/Sin-t\u00edtulo-10.png 820w\" sizes=\"auto, (max-width: 300px) 100vw, 300px\" \/><\/a><\/p>\n","protected":false},"excerpt":{"rendered":"<p>Aquesta setmana cultural ha estat molt interessant! Hem fet molts tallers i hem apr\u00e8s moltes coses sobre el medi ambient, el canvi clim\u00e0tic, els tipus d&#8217;energies&#8230; Aqu\u00ed teniu algunes fotografies d&#8217;algunes de les activitats.<br \/>\n<a href=\"https:\/\/photos.app.goo.gl\/a5BbyyQuHUQ87apG9\"><\/a><br \/>\n<a href=\"https:\/\/photos.app.goo.gl\/YhGtb9tmqX4i39tS7\"><\/a><\/p>\n","protected":false},"author":21,"featured_media":20399,"comment_status":"open","ping_status":"closed","sticky":false,"template":"","format":"standard","meta":{"_bbp_topic_count":0,"_bbp_reply_count":0,"_bbp_total_topic_count":0,"_bbp_total_reply_count":0,"_bbp_voice_count":0,"_bbp_anonymous_reply_count":0,"_bbp_topic_count_hidden":0,"_bbp_reply_count_hidden":0,"_bbp_forum_subforum_count":0,"footnotes":""},"categories":[13,85],"tags":[559],"class_list":["post-20397","post","type-post","status-publish","format-standard","has-post-thumbnail","hentry","category-4t","category-mitjans","tag-setmana-cultural"],"post_mailing_queue_ids":[],"_links":{"self":[{"href":"https:\/\/agora.xtec.cat\/escolacollserolacerdanyola\/wp-json\/wp\/v2\/posts\/20397","targetHints":{"allow":["GET"]}}],"collection":[{"href":"https:\/\/agora.xtec.cat\/escolacollserolacerdanyola\/wp-json\/wp\/v2\/posts"}],"about":[{"href":"https:\/\/agora.xtec.cat\/escolacollserolacerdanyola\/wp-json\/wp\/v2\/types\/post"}],"author":[{"embeddable":true,"href":"https:\/\/agora.xtec.cat\/escolacollserolacerdanyola\/wp-json\/wp\/v2\/users\/21"}],"replies":[{"embeddable":true,"href":"https:\/\/agora.xtec.cat\/escolacollserolacerdanyola\/wp-json\/wp\/v2\/comments?post=20397"}],"version-history":[{"count":1,"href":"https:\/\/agora.xtec.cat\/escolacollserolacerdanyola\/wp-json\/wp\/v2\/posts\/20397\/revisions"}],"predecessor-version":[{"id":20400,"href":"https:\/\/agora.xtec.cat\/escolacollserolacerdanyola\/wp-json\/wp\/v2\/posts\/20397\/revisions\/20400"}],"wp:featuredmedia":[{"embeddable":true,"href":"https:\/\/agora.xtec.cat\/escolacollserolacerdanyola\/wp-json\/wp\/v2\/media\/20399"}],"wp:attachment":[{"href":"https:\/\/agora.xtec.cat\/escolacollserolacerdanyola\/wp-json\/wp\/v2\/media?parent=20397"}],"wp:term":[{"taxonomy":"category","embeddable":true,"href":"https:\/\/agora.xtec.cat\/escolacollserolacerdanyola\/wp-json\/wp\/v2\/categories?post=20397"},{"taxonomy":"post_tag","embeddable":true,"href":"https:\/\/agora.xtec.cat\/escolacollserolacerdanyola\/wp-json\/wp\/v2\/tags?post=20397"}],"curies":[{"name":"wp","href":"https:\/\/api.w.org\/{rel}","templated":true}]}}