{"id":20361,"date":"2020-02-17T19:41:41","date_gmt":"2020-02-17T18:41:41","guid":{"rendered":"http:\/\/agora.xtec.cat\/escolacollserolacerdanyola\/?p=20361"},"modified":"2020-03-08T20:27:05","modified_gmt":"2020-03-08T19:27:05","slug":"audicio-de-piano-i-guitarra","status":"publish","type":"post","link":"https:\/\/agora.xtec.cat\/escolacollserolacerdanyola\/de-1r-a-6e\/5e\/audicio-de-piano-i-guitarra\/","title":{"rendered":"Audici\u00f3 de piano i guitarra"},"content":{"rendered":"<p>Els nens i nenes de 5\u00e8 hem anat a l&#8217;escola de m\u00fasica de Cerdanyola, Aulos, a escoltar una audici\u00f3 de piano i de guitarra.<\/p>\n<p><a href=\"https:\/\/photos.app.goo.gl\/Lxc7xkKN1CmRQ98p7\">Fotos Aulos<\/a><\/p>\n","protected":false},"excerpt":{"rendered":"<p>Els nens i nenes de 5\u00e8 hem anat a l&#8217;escola de m\u00fasica de Cerdanyola, Aulos, a escoltar una audici\u00f3 de piano i de guitarra.<br \/>\n<a href=\"https:\/\/photos.app.goo.gl\/Lxc7xkKN1CmRQ98p7\">Fotos Aulos<\/a><\/p>\n","protected":false},"author":9,"featured_media":20568,"comment_status":"open","ping_status":"closed","sticky":false,"template":"","format":"standard","meta":{"_bbp_topic_count":0,"_bbp_reply_count":0,"_bbp_total_topic_count":0,"_bbp_total_reply_count":0,"_bbp_voice_count":0,"_bbp_anonymous_reply_count":0,"_bbp_topic_count_hidden":0,"_bbp_reply_count_hidden":0,"_bbp_forum_subforum_count":0,"footnotes":""},"categories":[14,267],"tags":[],"class_list":["post-20361","post","type-post","status-publish","format-standard","has-post-thumbnail","hentry","category-5e","category-musica"],"post_mailing_queue_ids":[],"_links":{"self":[{"href":"https:\/\/agora.xtec.cat\/escolacollserolacerdanyola\/wp-json\/wp\/v2\/posts\/20361","targetHints":{"allow":["GET"]}}],"collection":[{"href":"https:\/\/agora.xtec.cat\/escolacollserolacerdanyola\/wp-json\/wp\/v2\/posts"}],"about":[{"href":"https:\/\/agora.xtec.cat\/escolacollserolacerdanyola\/wp-json\/wp\/v2\/types\/post"}],"author":[{"embeddable":true,"href":"https:\/\/agora.xtec.cat\/escolacollserolacerdanyola\/wp-json\/wp\/v2\/users\/9"}],"replies":[{"embeddable":true,"href":"https:\/\/agora.xtec.cat\/escolacollserolacerdanyola\/wp-json\/wp\/v2\/comments?post=20361"}],"version-history":[{"count":1,"href":"https:\/\/agora.xtec.cat\/escolacollserolacerdanyola\/wp-json\/wp\/v2\/posts\/20361\/revisions"}],"predecessor-version":[{"id":20362,"href":"https:\/\/agora.xtec.cat\/escolacollserolacerdanyola\/wp-json\/wp\/v2\/posts\/20361\/revisions\/20362"}],"wp:featuredmedia":[{"embeddable":true,"href":"https:\/\/agora.xtec.cat\/escolacollserolacerdanyola\/wp-json\/wp\/v2\/media\/20568"}],"wp:attachment":[{"href":"https:\/\/agora.xtec.cat\/escolacollserolacerdanyola\/wp-json\/wp\/v2\/media?parent=20361"}],"wp:term":[{"taxonomy":"category","embeddable":true,"href":"https:\/\/agora.xtec.cat\/escolacollserolacerdanyola\/wp-json\/wp\/v2\/categories?post=20361"},{"taxonomy":"post_tag","embeddable":true,"href":"https:\/\/agora.xtec.cat\/escolacollserolacerdanyola\/wp-json\/wp\/v2\/tags?post=20361"}],"curies":[{"name":"wp","href":"https:\/\/api.w.org\/{rel}","templated":true}]}}