{"id":20294,"date":"2020-02-25T21:23:07","date_gmt":"2020-02-25T20:23:07","guid":{"rendered":"http:\/\/agora.xtec.cat\/escolacollserolacerdanyola\/?p=20294"},"modified":"2020-03-06T17:16:19","modified_gmt":"2020-03-06T16:16:19","slug":"carnaval-2020-les-illes-de-plastic","status":"publish","type":"post","link":"https:\/\/agora.xtec.cat\/escolacollserolacerdanyola\/de-1r-a-6e\/carnaval-2020-les-illes-de-plastic\/","title":{"rendered":"Carnaval 2020 &#8211; Les illes de pl\u00e0stic"},"content":{"rendered":"<p>El divendres a la tarda vam celebrar el Carnaval. Vam rebre la visita del Senyor Carnestoltes que ens va acompanyar durant tota la rua. Cada classe ens hav\u00edem preparat una can\u00e7\u00f3 per poder desfilar i que tothom vei\u00e9s les nostres disfresses. La tem\u00e0tica de les disfresses de la classe dels talps era \u201cLes illes de pl\u00e0stic\u201d. Ens vam haver de posar molt creatius per fer-les per\u00f2 el resultat final va ser tot un \u00e8xit.<\/p>\n<p>Si voleu veure totes les fotografies cliqueu <a href=\"https:\/\/photos.app.goo.gl\/7ogU7WSMELsaeWaB9\">aqu\u00ed.<\/a><\/p>\n<p><a href=\"https:\/\/agora.xtec.cat\/escolacollserolacerdanyola\/wp-content\/uploads\/usu1390\/2020\/02\/38edf973-4a27-4fcc-a1bd-6c0e617b2851.jpg\"><img loading=\"lazy\" decoding=\"async\" class=\"alignnone size-large wp-image-20422\" src=\"https:\/\/agora.xtec.cat\/escolacollserolacerdanyola\/wp-content\/uploads\/usu1390\/2020\/02\/38edf973-4a27-4fcc-a1bd-6c0e617b2851-1024x576.jpg\" alt=\"\" width=\"1024\" height=\"576\" srcset=\"https:\/\/agora.xtec.cat\/escolacollserolacerdanyola\/wp-content\/uploads\/usu1390\/2020\/02\/38edf973-4a27-4fcc-a1bd-6c0e617b2851-1024x576.jpg 1024w, https:\/\/agora.xtec.cat\/escolacollserolacerdanyola\/wp-content\/uploads\/usu1390\/2020\/02\/38edf973-4a27-4fcc-a1bd-6c0e617b2851-300x169.jpg 300w, https:\/\/agora.xtec.cat\/escolacollserolacerdanyola\/wp-content\/uploads\/usu1390\/2020\/02\/38edf973-4a27-4fcc-a1bd-6c0e617b2851-768x432.jpg 768w, https:\/\/agora.xtec.cat\/escolacollserolacerdanyola\/wp-content\/uploads\/usu1390\/2020\/02\/38edf973-4a27-4fcc-a1bd-6c0e617b2851.jpg 1600w\" sizes=\"auto, (max-width: 1024px) 100vw, 1024px\" \/><\/a><\/p>\n","protected":false},"excerpt":{"rendered":"<p>El divendres a la tarda vam celebrar el Carnaval. Vam rebre la visita del Senyor Carnestoltes que ens va acompanyar durant tota la rua. Cada classe ens hav\u00edem preparat una can\u00e7\u00f3 per poder desfilar i que tothom vei\u00e9s les nostres disfresses. La tem\u00e0tica de les&hellip;  <a href=\"https:\/\/agora.xtec.cat\/escolacollserolacerdanyola\/de-1r-a-6e\/carnaval-2020-les-illes-de-plastic\/\" title=\"Read Carnaval 2020 &#8211; Les illes de pl\u00e0stic\">Llegeix m\u00e9s\u00bb<\/a><\/p>\n","protected":false},"author":7,"featured_media":20422,"comment_status":"open","ping_status":"closed","sticky":false,"template":"","format":"standard","meta":{"_bbp_topic_count":0,"_bbp_reply_count":0,"_bbp_total_topic_count":0,"_bbp_total_reply_count":0,"_bbp_voice_count":0,"_bbp_anonymous_reply_count":0,"_bbp_topic_count_hidden":0,"_bbp_reply_count_hidden":0,"_bbp_forum_subforum_count":0,"footnotes":""},"categories":[11,5],"tags":[],"class_list":["post-20294","post","type-post","status-publish","format-standard","has-post-thumbnail","hentry","category-2n","category-de-1r-a-6e"],"post_mailing_queue_ids":[],"_links":{"self":[{"href":"https:\/\/agora.xtec.cat\/escolacollserolacerdanyola\/wp-json\/wp\/v2\/posts\/20294","targetHints":{"allow":["GET"]}}],"collection":[{"href":"https:\/\/agora.xtec.cat\/escolacollserolacerdanyola\/wp-json\/wp\/v2\/posts"}],"about":[{"href":"https:\/\/agora.xtec.cat\/escolacollserolacerdanyola\/wp-json\/wp\/v2\/types\/post"}],"author":[{"embeddable":true,"href":"https:\/\/agora.xtec.cat\/escolacollserolacerdanyola\/wp-json\/wp\/v2\/users\/7"}],"replies":[{"embeddable":true,"href":"https:\/\/agora.xtec.cat\/escolacollserolacerdanyola\/wp-json\/wp\/v2\/comments?post=20294"}],"version-history":[{"count":3,"href":"https:\/\/agora.xtec.cat\/escolacollserolacerdanyola\/wp-json\/wp\/v2\/posts\/20294\/revisions"}],"predecessor-version":[{"id":20425,"href":"https:\/\/agora.xtec.cat\/escolacollserolacerdanyola\/wp-json\/wp\/v2\/posts\/20294\/revisions\/20425"}],"wp:featuredmedia":[{"embeddable":true,"href":"https:\/\/agora.xtec.cat\/escolacollserolacerdanyola\/wp-json\/wp\/v2\/media\/20422"}],"wp:attachment":[{"href":"https:\/\/agora.xtec.cat\/escolacollserolacerdanyola\/wp-json\/wp\/v2\/media?parent=20294"}],"wp:term":[{"taxonomy":"category","embeddable":true,"href":"https:\/\/agora.xtec.cat\/escolacollserolacerdanyola\/wp-json\/wp\/v2\/categories?post=20294"},{"taxonomy":"post_tag","embeddable":true,"href":"https:\/\/agora.xtec.cat\/escolacollserolacerdanyola\/wp-json\/wp\/v2\/tags?post=20294"}],"curies":[{"name":"wp","href":"https:\/\/api.w.org\/{rel}","templated":true}]}}