{"id":20123,"date":"2020-01-01T22:51:58","date_gmt":"2020-01-01T21:51:58","guid":{"rendered":"http:\/\/agora.xtec.cat\/escolacollserolacerdanyola\/?p=20123"},"modified":"2020-01-01T22:51:58","modified_gmt":"2020-01-01T21:51:58","slug":"espai-de-contes-contes-del-bosc","status":"publish","type":"post","link":"https:\/\/agora.xtec.cat\/escolacollserolacerdanyola\/ei3-ei4-ei5\/espai-de-contes-contes-del-bosc\/","title":{"rendered":"Espai de contes: contes del bosc!"},"content":{"rendered":"<p>Al llarg del primer trimestre, els infants de P3, P4 i P5 hem gaudit dels contes a <strong>l&#8217;espai de contes<\/strong> i de tot all\u00f2 que d&#8217;ells se&#8217;n deriva, i la tem\u00e0tica ha estat: EL BOSC. A partir d&#8217;una selecci\u00f3 de contes sobre el bosc, les estacions, els animals que hi viuen,&#8230;hem anat treballant i gaudint de diferents aspectes entorn els llibres i els contes. Des de representacions de titelles, realitzaci\u00f3 de puzzles de contes populars que succeeixen al bosc, investigaci\u00f3 cient\u00edfica, visualitzaci\u00f3 de contes especials, i creaci\u00f3 de titelles de personatges de contes, sense perdre de vista l&#8217;objectiu principal: gaudir de tot el que els llibres i els contes ens poden oferir!<\/p>\n<p>&nbsp;<\/p>\n<p><a href=\"https:\/\/photos.app.goo.gl\/cTWsceuLqu96op2z9\">espai de contes: contes del bosc<\/a><\/p>\n","protected":false},"excerpt":{"rendered":"<p>Al llarg del primer trimestre, els infants de P3, P4 i P5 hem gaudit dels contes a l&#8217;espai de contes i de tot all\u00f2 que d&#8217;ells se&#8217;n deriva, i la tem\u00e0tica ha estat: EL BOSC. A partir d&#8217;una selecci\u00f3 de contes sobre el bosc, les&hellip;  <a href=\"https:\/\/agora.xtec.cat\/escolacollserolacerdanyola\/ei3-ei4-ei5\/espai-de-contes-contes-del-bosc\/\" title=\"Read Espai de contes: contes del bosc!\">Llegeix m\u00e9s\u00bb<\/a><\/p>\n","protected":false},"author":33,"featured_media":0,"comment_status":"open","ping_status":"closed","sticky":false,"template":"","format":"standard","meta":{"_bbp_topic_count":0,"_bbp_reply_count":0,"_bbp_total_topic_count":0,"_bbp_total_reply_count":0,"_bbp_voice_count":0,"_bbp_anonymous_reply_count":0,"_bbp_topic_count_hidden":0,"_bbp_reply_count_hidden":0,"_bbp_forum_subforum_count":0,"footnotes":""},"categories":[2,3,8,9],"tags":[],"class_list":["post-20123","post","type-post","status-publish","format-standard","hentry","category-ei3-ei4-ei5","category-ei3","category-ei4","category-ei5"],"post_mailing_queue_ids":[],"_links":{"self":[{"href":"https:\/\/agora.xtec.cat\/escolacollserolacerdanyola\/wp-json\/wp\/v2\/posts\/20123","targetHints":{"allow":["GET"]}}],"collection":[{"href":"https:\/\/agora.xtec.cat\/escolacollserolacerdanyola\/wp-json\/wp\/v2\/posts"}],"about":[{"href":"https:\/\/agora.xtec.cat\/escolacollserolacerdanyola\/wp-json\/wp\/v2\/types\/post"}],"author":[{"embeddable":true,"href":"https:\/\/agora.xtec.cat\/escolacollserolacerdanyola\/wp-json\/wp\/v2\/users\/33"}],"replies":[{"embeddable":true,"href":"https:\/\/agora.xtec.cat\/escolacollserolacerdanyola\/wp-json\/wp\/v2\/comments?post=20123"}],"version-history":[{"count":1,"href":"https:\/\/agora.xtec.cat\/escolacollserolacerdanyola\/wp-json\/wp\/v2\/posts\/20123\/revisions"}],"predecessor-version":[{"id":20124,"href":"https:\/\/agora.xtec.cat\/escolacollserolacerdanyola\/wp-json\/wp\/v2\/posts\/20123\/revisions\/20124"}],"wp:attachment":[{"href":"https:\/\/agora.xtec.cat\/escolacollserolacerdanyola\/wp-json\/wp\/v2\/media?parent=20123"}],"wp:term":[{"taxonomy":"category","embeddable":true,"href":"https:\/\/agora.xtec.cat\/escolacollserolacerdanyola\/wp-json\/wp\/v2\/categories?post=20123"},{"taxonomy":"post_tag","embeddable":true,"href":"https:\/\/agora.xtec.cat\/escolacollserolacerdanyola\/wp-json\/wp\/v2\/tags?post=20123"}],"curies":[{"name":"wp","href":"https:\/\/api.w.org\/{rel}","templated":true}]}}