{"id":20090,"date":"2019-12-23T18:11:14","date_gmt":"2019-12-23T17:11:14","guid":{"rendered":"http:\/\/agora.xtec.cat\/escolacollserolacerdanyola\/?p=20090"},"modified":"2019-12-23T18:11:14","modified_gmt":"2019-12-23T17:11:14","slug":"activitats-nadalenques-p3-2019-20","status":"publish","type":"post","link":"https:\/\/agora.xtec.cat\/escolacollserolacerdanyola\/ei3-ei4-ei5\/ei3\/activitats-nadalenques-p3-2019-20\/","title":{"rendered":"Activitats Nadalenques P3 2019-20"},"content":{"rendered":"<p style=\"text-align: center\">Tot va comen\u00e7ar amb l&#8217;arribada del Ti\u00f3. Ens va arribar una nota a la classe que ens deia si l&#8217;an\u00e0vem a buscar al pati que tenia molt fred i no pod\u00eda entrar a l&#8217;escola. A partir d&#8217;aqu\u00ed, cada dia el vam anar a veure i li port\u00e0vem menjar, fins que un dia es va fer gran i ja va estar preparat per cagar. Ho vam fer tant b\u00e9, que ens va cagar un conte per la classe i l&#8217;esmorzar per l&#8217;ultim d&#8217;escola, abans de les vacances de Nadal.<\/p>\n<p style=\"text-align: center\">Un altre dia ens va visitar el patge reial i li vam entregar una carta, on li deman\u00e0vem puzles, una nina, una moto, etc,..aviam que ens portaran&#8230;Ah! i els hi don\u00e0vem molts petonets. Al patge reial li vam recitar el poema de Nadal que ens est\u00e0vem aprenent.<\/p>\n<p style=\"text-align: center\">\u00a0 \u00a0 \u00a0 MOLT BONES FETES !!!<\/p>\n<p style=\"text-align: center\">\u00a0 \u00a0 \u00a0 \u00a0 \u00a0 \u00a0 \u00a0 \u00a0 \u00a0 \u00a0 \u00a0 \u00a0 \u00a0 \u00a0 \u00a0 \u00a0 \u00a0 \u00a0 \u00a0 \u00a0 \u00a0 \u00a0 \u00a0 \u00a0 \u00a0 \u00a0 \u00a0 <a href=\"https:\/\/agora.xtec.cat\/escolacollserolacerdanyola\/wp-content\/uploads\/usu1390\/2019\/12\/20191209_084849.jpg\"><img loading=\"lazy\" decoding=\"async\" class=\"wp-image-20091 aligncenter\" src=\"https:\/\/agora.xtec.cat\/escolacollserolacerdanyola\/wp-content\/uploads\/usu1390\/2019\/12\/20191209_084849.jpg\" alt=\"\" width=\"197\" height=\"149\" srcset=\"https:\/\/agora.xtec.cat\/escolacollserolacerdanyola\/wp-content\/uploads\/usu1390\/2019\/12\/20191209_084849.jpg 258w, https:\/\/agora.xtec.cat\/escolacollserolacerdanyola\/wp-content\/uploads\/usu1390\/2019\/12\/20191209_084849-200x150.jpg 200w\" sizes=\"auto, (max-width: 197px) 100vw, 197px\" \/> <\/a><\/p>\n<p style=\"text-align: center\"><a href=\"https:\/\/photos.app.goo.gl\/QJ9wk3xJhudCNcd99\">clica aqu\u00ed i veur\u00e0s<\/a><\/p>\n","protected":false},"excerpt":{"rendered":"<p>Tot va comen\u00e7ar amb l&#8217;arribada del Ti\u00f3. Ens va arribar una nota a la classe que ens deia si l&#8217;an\u00e0vem a buscar al pati que tenia molt fred i no pod\u00eda entrar a l&#8217;escola. A partir d&#8217;aqu\u00ed, cada dia el vam anar a veure i&hellip;  <a href=\"https:\/\/agora.xtec.cat\/escolacollserolacerdanyola\/ei3-ei4-ei5\/ei3\/activitats-nadalenques-p3-2019-20\/\" title=\"Read Activitats Nadalenques P3 2019-20\">Llegeix m\u00e9s\u00bb<\/a><\/p>\n","protected":false},"author":6,"featured_media":20091,"comment_status":"open","ping_status":"closed","sticky":false,"template":"","format":"standard","meta":{"_bbp_topic_count":0,"_bbp_reply_count":0,"_bbp_total_topic_count":0,"_bbp_total_reply_count":0,"_bbp_voice_count":0,"_bbp_anonymous_reply_count":0,"_bbp_topic_count_hidden":0,"_bbp_reply_count_hidden":0,"_bbp_forum_subforum_count":0,"footnotes":""},"categories":[3],"tags":[],"class_list":["post-20090","post","type-post","status-publish","format-standard","has-post-thumbnail","hentry","category-ei3"],"post_mailing_queue_ids":[],"_links":{"self":[{"href":"https:\/\/agora.xtec.cat\/escolacollserolacerdanyola\/wp-json\/wp\/v2\/posts\/20090","targetHints":{"allow":["GET"]}}],"collection":[{"href":"https:\/\/agora.xtec.cat\/escolacollserolacerdanyola\/wp-json\/wp\/v2\/posts"}],"about":[{"href":"https:\/\/agora.xtec.cat\/escolacollserolacerdanyola\/wp-json\/wp\/v2\/types\/post"}],"author":[{"embeddable":true,"href":"https:\/\/agora.xtec.cat\/escolacollserolacerdanyola\/wp-json\/wp\/v2\/users\/6"}],"replies":[{"embeddable":true,"href":"https:\/\/agora.xtec.cat\/escolacollserolacerdanyola\/wp-json\/wp\/v2\/comments?post=20090"}],"version-history":[{"count":1,"href":"https:\/\/agora.xtec.cat\/escolacollserolacerdanyola\/wp-json\/wp\/v2\/posts\/20090\/revisions"}],"predecessor-version":[{"id":20092,"href":"https:\/\/agora.xtec.cat\/escolacollserolacerdanyola\/wp-json\/wp\/v2\/posts\/20090\/revisions\/20092"}],"wp:featuredmedia":[{"embeddable":true,"href":"https:\/\/agora.xtec.cat\/escolacollserolacerdanyola\/wp-json\/wp\/v2\/media\/20091"}],"wp:attachment":[{"href":"https:\/\/agora.xtec.cat\/escolacollserolacerdanyola\/wp-json\/wp\/v2\/media?parent=20090"}],"wp:term":[{"taxonomy":"category","embeddable":true,"href":"https:\/\/agora.xtec.cat\/escolacollserolacerdanyola\/wp-json\/wp\/v2\/categories?post=20090"},{"taxonomy":"post_tag","embeddable":true,"href":"https:\/\/agora.xtec.cat\/escolacollserolacerdanyola\/wp-json\/wp\/v2\/tags?post=20090"}],"curies":[{"name":"wp","href":"https:\/\/api.w.org\/{rel}","templated":true}]}}