{"id":20065,"date":"2019-12-22T06:15:10","date_gmt":"2019-12-22T05:15:10","guid":{"rendered":"http:\/\/agora.xtec.cat\/escolacollserolacerdanyola\/?p=20065"},"modified":"2019-12-22T06:18:37","modified_gmt":"2019-12-22T05:18:37","slug":"3r-desembre","status":"publish","type":"post","link":"https:\/\/agora.xtec.cat\/escolacollserolacerdanyola\/de-1r-a-6e\/3r\/3r-desembre\/","title":{"rendered":"3r Desembre"},"content":{"rendered":"<p><a href=\"https:\/\/photos.app.goo.gl\/aFD68hdgjrBy1tbm8\">desembre<\/a><\/p>\n<p><a href=\"https:\/\/photos.app.goo.gl\/BVVmukDeh3CJunYb8\">Amic invisible<\/a><\/p>\n<p><a href=\"https:\/\/photos.app.goo.gl\/1xNU6mAuPj2H1bNr9\">Som m\u00e9s de reis&#8230;<\/a><\/p>\n<p>El mes de desembre \u00e9s un mes ple d&#8217;activitats. Vam comen\u00e7ar decorant la classe amb uns arbres de floquets de papirofl\u00e8xia per a les finestres i un altre arbre fet amb troncs on vam penjar fotos de tots els indis i \u00edndies amb corona de Rei Mag (a la classe es va dir que eren m\u00e9s de Reis que de Pare Noel).Tamb\u00e9 vam fer el nostre particular calendari d&#8217;advent amb llaminadures i activitats de cohesi\u00f3. Hem participat al Concert per a la Marat\u00f3 de TV3 i hem assistit i participat al Concert de Nadal de l&#8217;escola.<\/p>\n<p>L&#8217;\u00faltim dia hem fet una reflexi\u00f3 conjunta, i molt suggerent, de com havia anat el primer trimestre de 3r. Despr\u00e9s hem gaudit molt\u00edssim amb l&#8217;amic invisible, hem fet un esmorzar nadalenc i un mini espectacle a la classe amb unes quantes actuacions. Ens hem acomiadat amb una s\u00faper abra\u00e7ada de tots plegats desitjant-nos unes Bones Festes.<\/p>\n<p>&nbsp;<\/p>\n<p>&nbsp;<\/p>\n","protected":false},"excerpt":{"rendered":"<p><a href=\"https:\/\/photos.app.goo.gl\/aFD68hdgjrBy1tbm8\">desembre<\/a><br \/>\n<a href=\"https:\/\/photos.app.goo.gl\/BVVmukDeh3CJunYb8\">Amic invisible<\/a><br \/>\n<a href=\"https:\/\/photos.app.goo.gl\/1xNU6mAuPj2H1bNr9\">Som m\u00e9s de reis&#8230;<\/a><br \/>\nEl mes de desembre \u00e9s un mes ple d&#8217;activitats. Vam comen\u00e7ar decorant la classe amb uns arbres de floquets de papirofl\u00e8xia per a les finestres i un altre arbre fet amb troncs on vam penjar fotos de tots&hellip;  <a href=\"https:\/\/agora.xtec.cat\/escolacollserolacerdanyola\/de-1r-a-6e\/3r\/3r-desembre\/\" title=\"Read 3r Desembre\">Llegeix m\u00e9s\u00bb<\/a><\/p>\n","protected":false},"author":8,"featured_media":20069,"comment_status":"open","ping_status":"closed","sticky":false,"template":"","format":"standard","meta":{"_bbp_topic_count":0,"_bbp_reply_count":0,"_bbp_total_topic_count":0,"_bbp_total_reply_count":0,"_bbp_voice_count":0,"_bbp_anonymous_reply_count":0,"_bbp_topic_count_hidden":0,"_bbp_reply_count_hidden":0,"_bbp_forum_subforum_count":0,"footnotes":""},"categories":[12,85],"tags":[474,547],"class_list":["post-20065","post","type-post","status-publish","format-standard","has-post-thumbnail","hentry","category-3r","category-mitjans","tag-3r","tag-nadal-cicle-mitja"],"post_mailing_queue_ids":[],"_links":{"self":[{"href":"https:\/\/agora.xtec.cat\/escolacollserolacerdanyola\/wp-json\/wp\/v2\/posts\/20065","targetHints":{"allow":["GET"]}}],"collection":[{"href":"https:\/\/agora.xtec.cat\/escolacollserolacerdanyola\/wp-json\/wp\/v2\/posts"}],"about":[{"href":"https:\/\/agora.xtec.cat\/escolacollserolacerdanyola\/wp-json\/wp\/v2\/types\/post"}],"author":[{"embeddable":true,"href":"https:\/\/agora.xtec.cat\/escolacollserolacerdanyola\/wp-json\/wp\/v2\/users\/8"}],"replies":[{"embeddable":true,"href":"https:\/\/agora.xtec.cat\/escolacollserolacerdanyola\/wp-json\/wp\/v2\/comments?post=20065"}],"version-history":[{"count":3,"href":"https:\/\/agora.xtec.cat\/escolacollserolacerdanyola\/wp-json\/wp\/v2\/posts\/20065\/revisions"}],"predecessor-version":[{"id":20070,"href":"https:\/\/agora.xtec.cat\/escolacollserolacerdanyola\/wp-json\/wp\/v2\/posts\/20065\/revisions\/20070"}],"wp:featuredmedia":[{"embeddable":true,"href":"https:\/\/agora.xtec.cat\/escolacollserolacerdanyola\/wp-json\/wp\/v2\/media\/20069"}],"wp:attachment":[{"href":"https:\/\/agora.xtec.cat\/escolacollserolacerdanyola\/wp-json\/wp\/v2\/media?parent=20065"}],"wp:term":[{"taxonomy":"category","embeddable":true,"href":"https:\/\/agora.xtec.cat\/escolacollserolacerdanyola\/wp-json\/wp\/v2\/categories?post=20065"},{"taxonomy":"post_tag","embeddable":true,"href":"https:\/\/agora.xtec.cat\/escolacollserolacerdanyola\/wp-json\/wp\/v2\/tags?post=20065"}],"curies":[{"name":"wp","href":"https:\/\/api.w.org\/{rel}","templated":true}]}}