{"id":20035,"date":"2019-12-20T12:49:26","date_gmt":"2019-12-20T11:49:26","guid":{"rendered":"http:\/\/agora.xtec.cat\/escolacollserolacerdanyola\/?p=20035"},"modified":"2020-01-02T17:01:43","modified_gmt":"2020-01-02T16:01:43","slug":"diagnosi-del-projecte-de-convivencia","status":"publish","type":"post","link":"https:\/\/agora.xtec.cat\/escolacollserolacerdanyola\/portadageneral\/diagnosi-del-projecte-de-convivencia\/","title":{"rendered":"DIAGNOSI DEL PROJECTE DE CONVIV\u00c8NCIA"},"content":{"rendered":"<p>Benvolgudes fam\u00edlies,<\/p>\n<p>L\u2019escola est\u00e0 en proc\u00e9s d\u2019elaboraci\u00f3 del nostre Projecte de Conviv\u00e8ncia. Per tal de fer una diagnosi inicial de la conviv\u00e8ncia al nostre centre cal tenir la visi\u00f3 de tots els sectors que formen la comunitat educativa (alumnes, mestres, fam\u00edlies i personal no docent). Us agra\u00efm per endavant que pugueu dedicar un minut per contestar aquest formulari de manera an\u00f2nima.<\/p>\n<p><a href=\"https:\/\/forms.gle\/uftT8uy2SdMposEW6\">https:\/\/forms.gle\/uftT8uy2SdMposEW6<\/a><\/p>\n<p>En aquest document es pret\u00e9n reflectir les accions que es desenvolupin per tal de\u00a0 capacitar tot l\u2019alumnat i la resta de la comunitat educativa per a la conviv\u00e8ncia i la gesti\u00f3 positiva dels conflictes.<\/p>\n<p>Podeu consultar la normativa per la qual s\u2019estableix l\u2019elaboraci\u00f3 del Projecte en l\u2019enlla\u00e7 seg\u00fcent:<\/p>\n<p><a href=\"https:\/\/dogc.gencat.cat\/ca\/pdogc_canals_interns\/pdogc_resultats_fitxa\/?action=fitxa&amp;mode=single&amp;documentId=781530&amp;language=ca_ES\" target=\"_blank\" rel=\"noopener noreferrer\">Resoluci\u00f3 ENS\/585\/2017,<\/a>de 17 de mar\u00e7, per la qual s\u2019estableix l\u2019elaboraci\u00f3 i la implementaci\u00f3 del Projecte de Conviv\u00e8ncia en els centres educatius dins el marc del Projecte Educatiu de Centre.<\/p>\n<p><strong>Aquest formulari estar\u00e0 obert per rebre respostes fins el 8 de gener de 2020<\/strong><\/p>\n<p>Moltes gr\u00e0cies per la vostra col\u00b7laboraci\u00f3!<\/p>\n<p><img decoding=\"async\" class=\"aligncenter\" src=\"https:\/\/serveiseducatius.xtec.cat\/baixllobregat6\/wp-content\/uploads\/usu778\/2017\/10\/Captura-de-pantalla-2017-10-06-a-les-16.51.30.png\" alt=\"Resultat d'imatges per a &quot;projecte de conviv\u00e8ncia&quot;&quot;\" \/><\/p>\n","protected":false},"excerpt":{"rendered":"<p>Benvolgudes fam\u00edlies,<br \/>\nL\u2019escola est\u00e0 en proc\u00e9s d\u2019elaboraci\u00f3 del nostre Projecte de Conviv\u00e8ncia. Per tal de fer una diagnosi inicial de la conviv\u00e8ncia al nostre centre cal tenir la visi\u00f3 de tots els sectors que formen la comunitat educativa (alumnes, mestres, fam\u00edlies i personal no docent). Us&hellip;  <a href=\"https:\/\/agora.xtec.cat\/escolacollserolacerdanyola\/portadageneral\/diagnosi-del-projecte-de-convivencia\/\" title=\"Read DIAGNOSI DEL PROJECTE DE CONVIV\u00c8NCIA\">Llegeix m\u00e9s\u00bb<\/a><\/p>\n","protected":false},"author":23,"featured_media":20136,"comment_status":"open","ping_status":"closed","sticky":false,"template":"","format":"standard","meta":{"_bbp_topic_count":0,"_bbp_reply_count":0,"_bbp_total_topic_count":0,"_bbp_total_reply_count":0,"_bbp_voice_count":0,"_bbp_anonymous_reply_count":0,"_bbp_topic_count_hidden":0,"_bbp_reply_count_hidden":0,"_bbp_forum_subforum_count":0,"footnotes":""},"categories":[1],"tags":[],"class_list":["post-20035","post","type-post","status-publish","format-standard","has-post-thumbnail","hentry","category-portadageneral"],"post_mailing_queue_ids":[],"_links":{"self":[{"href":"https:\/\/agora.xtec.cat\/escolacollserolacerdanyola\/wp-json\/wp\/v2\/posts\/20035","targetHints":{"allow":["GET"]}}],"collection":[{"href":"https:\/\/agora.xtec.cat\/escolacollserolacerdanyola\/wp-json\/wp\/v2\/posts"}],"about":[{"href":"https:\/\/agora.xtec.cat\/escolacollserolacerdanyola\/wp-json\/wp\/v2\/types\/post"}],"author":[{"embeddable":true,"href":"https:\/\/agora.xtec.cat\/escolacollserolacerdanyola\/wp-json\/wp\/v2\/users\/23"}],"replies":[{"embeddable":true,"href":"https:\/\/agora.xtec.cat\/escolacollserolacerdanyola\/wp-json\/wp\/v2\/comments?post=20035"}],"version-history":[{"count":1,"href":"https:\/\/agora.xtec.cat\/escolacollserolacerdanyola\/wp-json\/wp\/v2\/posts\/20035\/revisions"}],"predecessor-version":[{"id":20036,"href":"https:\/\/agora.xtec.cat\/escolacollserolacerdanyola\/wp-json\/wp\/v2\/posts\/20035\/revisions\/20036"}],"wp:featuredmedia":[{"embeddable":true,"href":"https:\/\/agora.xtec.cat\/escolacollserolacerdanyola\/wp-json\/wp\/v2\/media\/20136"}],"wp:attachment":[{"href":"https:\/\/agora.xtec.cat\/escolacollserolacerdanyola\/wp-json\/wp\/v2\/media?parent=20035"}],"wp:term":[{"taxonomy":"category","embeddable":true,"href":"https:\/\/agora.xtec.cat\/escolacollserolacerdanyola\/wp-json\/wp\/v2\/categories?post=20035"},{"taxonomy":"post_tag","embeddable":true,"href":"https:\/\/agora.xtec.cat\/escolacollserolacerdanyola\/wp-json\/wp\/v2\/tags?post=20035"}],"curies":[{"name":"wp","href":"https:\/\/api.w.org\/{rel}","templated":true}]}}