{"id":19660,"date":"2019-11-23T07:47:35","date_gmt":"2019-11-23T06:47:35","guid":{"rendered":"http:\/\/agora.xtec.cat\/escolacollserolacerdanyola\/?p=19660"},"modified":"2019-11-23T11:13:20","modified_gmt":"2019-11-23T10:13:20","slug":"3r-sortida-al-mnactec","status":"publish","type":"post","link":"https:\/\/agora.xtec.cat\/escolacollserolacerdanyola\/de-1r-a-6e\/3r\/3r-sortida-al-mnactec\/","title":{"rendered":"3r Sortida al mNACTEC"},"content":{"rendered":"<p><a href=\"https:\/\/photos.app.goo.gl\/RnPtEHPUzvFTXQhG8\">3r mNATEC Terrassa<\/a><\/p>\n<p>Divendres 22 de novembre vam fer la sortida al Museu Nacional de la Ci\u00e8ncia i de la T\u00e8cnica de Catalunya (mNACTEC).<\/p>\n<p>Quan vam arribar plovisquejava i vam esmorzar sota el porxo d&#8217;un edifici. All\u00e0 van trobar una rampa que va ser la protagonista d&#8217;un joc ben divertit.<\/p>\n<p>Al museu ens va rebre la M\u00aaJos\u00e9, tieta de la Luc\u00eda i mare de l&#8217;Elena i l&#8217;H\u00e9ctor (dos ex alumnes de l&#8217;escola). La M\u00aaJos\u00e9 ens va indicar els millors, i m\u00e9s interessants, itineraris per fer i va demanar a un company seu que ens pos\u00e9s en marxa, en exclusiva per a nosaltres, la incre\u00efble maqueta de trens que tenen all\u00e0.<\/p>\n<p>Vam comen\u00e7ar per la visita teatralitzada a l&#8217;exposici\u00f3 del textil. Va ser un viatge enrere en el temps on ens vam sentir com a treballadors i treballadores de l&#8217;antiga f\u00e0brica i vam aprendre les injust\u00edcies socials i laborals de principis del segle XX.<\/p>\n<p>Despr\u00e8s vam visitar les exposicions de <em>vehicles<\/em>, la de <em>la hist\u00f2ria dels ordinadors<\/em> i la del <em>cos hum\u00e0<\/em>. Tamb\u00e9 vam gaudir molt amb la maqueta dels trens.<\/p>\n<p>Vam sortir del museu a les 14h i amb molta gana. Ja no plovia, feia sol i vam poder dinar i jugar en una pla\u00e7a que hi havia al costat del museu. A causa de la pluja del mat\u00ed no vam poder fer el que hav\u00edem planejat (anar al parc de Vallparad\u00eds) per\u00f2 al final va sortit tot molt millor del que esper\u00e0vem.<\/p>\n","protected":false},"excerpt":{"rendered":"<p><a href=\"https:\/\/photos.app.goo.gl\/RnPtEHPUzvFTXQhG8\">3r mNATEC Terrassa<\/a><br \/>\nDivendres 22 de novembre vam fer la sortida al Museu Nacional de la Ci\u00e8ncia i de la T\u00e8cnica de Catalunya (mNACTEC).<br \/>\nQuan vam arribar plovisquejava i vam esmorzar sota el porxo d&#8217;un edifici. All\u00e0 van trobar una rampa que va ser la protagonista&hellip;  <a href=\"https:\/\/agora.xtec.cat\/escolacollserolacerdanyola\/de-1r-a-6e\/3r\/3r-sortida-al-mnactec\/\" title=\"Read 3r Sortida al mNACTEC\">Llegeix m\u00e9s\u00bb<\/a><\/p>\n","protected":false},"author":8,"featured_media":19661,"comment_status":"open","ping_status":"closed","sticky":false,"template":"","format":"standard","meta":{"_bbp_topic_count":0,"_bbp_reply_count":0,"_bbp_total_topic_count":0,"_bbp_total_reply_count":0,"_bbp_voice_count":0,"_bbp_anonymous_reply_count":0,"_bbp_topic_count_hidden":0,"_bbp_reply_count_hidden":0,"_bbp_forum_subforum_count":0,"footnotes":""},"categories":[12],"tags":[474,16],"class_list":["post-19660","post","type-post","status-publish","format-standard","has-post-thumbnail","hentry","category-3r","tag-3r","tag-sortides"],"post_mailing_queue_ids":[],"_links":{"self":[{"href":"https:\/\/agora.xtec.cat\/escolacollserolacerdanyola\/wp-json\/wp\/v2\/posts\/19660","targetHints":{"allow":["GET"]}}],"collection":[{"href":"https:\/\/agora.xtec.cat\/escolacollserolacerdanyola\/wp-json\/wp\/v2\/posts"}],"about":[{"href":"https:\/\/agora.xtec.cat\/escolacollserolacerdanyola\/wp-json\/wp\/v2\/types\/post"}],"author":[{"embeddable":true,"href":"https:\/\/agora.xtec.cat\/escolacollserolacerdanyola\/wp-json\/wp\/v2\/users\/8"}],"replies":[{"embeddable":true,"href":"https:\/\/agora.xtec.cat\/escolacollserolacerdanyola\/wp-json\/wp\/v2\/comments?post=19660"}],"version-history":[{"count":1,"href":"https:\/\/agora.xtec.cat\/escolacollserolacerdanyola\/wp-json\/wp\/v2\/posts\/19660\/revisions"}],"predecessor-version":[{"id":19662,"href":"https:\/\/agora.xtec.cat\/escolacollserolacerdanyola\/wp-json\/wp\/v2\/posts\/19660\/revisions\/19662"}],"wp:featuredmedia":[{"embeddable":true,"href":"https:\/\/agora.xtec.cat\/escolacollserolacerdanyola\/wp-json\/wp\/v2\/media\/19661"}],"wp:attachment":[{"href":"https:\/\/agora.xtec.cat\/escolacollserolacerdanyola\/wp-json\/wp\/v2\/media?parent=19660"}],"wp:term":[{"taxonomy":"category","embeddable":true,"href":"https:\/\/agora.xtec.cat\/escolacollserolacerdanyola\/wp-json\/wp\/v2\/categories?post=19660"},{"taxonomy":"post_tag","embeddable":true,"href":"https:\/\/agora.xtec.cat\/escolacollserolacerdanyola\/wp-json\/wp\/v2\/tags?post=19660"}],"curies":[{"name":"wp","href":"https:\/\/api.w.org\/{rel}","templated":true}]}}