{"id":19581,"date":"2019-11-11T17:58:37","date_gmt":"2019-11-11T16:58:37","guid":{"rendered":"http:\/\/agora.xtec.cat\/escolacollserolacerdanyola\/?p=19581"},"modified":"2020-03-17T19:14:04","modified_gmt":"2020-03-17T18:14:04","slug":"castanyada-i-halloween","status":"publish","type":"post","link":"https:\/\/agora.xtec.cat\/escolacollserolacerdanyola\/de-1r-a-6e\/castanyada-i-halloween\/","title":{"rendered":"Castanyada i Halloween &#8211; Els talps"},"content":{"rendered":"<p>El dia 31 d&#8217;octubre l&#8217;alumnat de 1r i 2n vam celebrar la Castanyada i Halloween a l&#8217;escola. Al mat\u00ed vam fer \u201ctastets de tardor\u201d i vam menjar productes t\u00edpics d\u2019aquesta \u00e8poca. Els vam preparar nosaltres mateixos amb l&#8217;ajuda de dues mares i despr\u00e9s vam sortir al pati amb els nens i nenes d&#8217;Infantil per menjar-nos-els. Els panellets que van preparar ells tamb\u00e9 estaven bon\u00edssims!<\/p>\n<p>Despr\u00e9s vam tenir la visita dels de 5\u00e8. Ens van explicar uns contes s\u00faper terror\u00edfics!<\/p>\n<p>A la tarda ens vam disfressar per celebrar Halloween amb tots els companys i companyes de Prim\u00e0ria. Primer cada classe havia preparat una coreografia i despr\u00e9s tots vam ballar la can\u00e7\u00f3 conjunta. Ens ho vam passar molt b\u00e9!<\/p>\n<p><a href=\"https:\/\/agora.xtec.cat\/escolacollserolacerdanyola\/wp-content\/uploads\/usu1390\/2019\/11\/foto-grup.jpg\"><img loading=\"lazy\" decoding=\"async\" class=\"alignnone size-large wp-image-19585\" src=\"https:\/\/agora.xtec.cat\/escolacollserolacerdanyola\/wp-content\/uploads\/usu1390\/2019\/11\/foto-grup-1024x576.jpg\" alt=\"\" width=\"1024\" height=\"576\" srcset=\"https:\/\/agora.xtec.cat\/escolacollserolacerdanyola\/wp-content\/uploads\/usu1390\/2019\/11\/foto-grup-1024x576.jpg 1024w, https:\/\/agora.xtec.cat\/escolacollserolacerdanyola\/wp-content\/uploads\/usu1390\/2019\/11\/foto-grup-300x169.jpg 300w, https:\/\/agora.xtec.cat\/escolacollserolacerdanyola\/wp-content\/uploads\/usu1390\/2019\/11\/foto-grup-768x432.jpg 768w, https:\/\/agora.xtec.cat\/escolacollserolacerdanyola\/wp-content\/uploads\/usu1390\/2019\/11\/foto-grup.jpg 1477w\" sizes=\"auto, (max-width: 1024px) 100vw, 1024px\" \/><\/a><\/p>\n<p><a href=\"https:\/\/photos.app.goo.gl\/skCXxmhzzHhhTDXb8\">Vegeu m\u00e9s fotos aqu\u00ed<\/a><\/p>\n","protected":false},"excerpt":{"rendered":"<p>El dia 31 d&#8217;octubre l&#8217;alumnat de 1r i 2n vam celebrar la Castanyada i Halloween a l&#8217;escola&hellip;  <a href=\"https:\/\/agora.xtec.cat\/escolacollserolacerdanyola\/de-1r-a-6e\/castanyada-i-halloween\/\" title=\"Read Castanyada i Halloween &#8211; Els talps\">Llegeix m\u00e9s\u00bb<\/a><\/p>\n","protected":false},"author":7,"featured_media":19585,"comment_status":"open","ping_status":"closed","sticky":false,"template":"","format":"standard","meta":{"_bbp_topic_count":0,"_bbp_reply_count":0,"_bbp_total_topic_count":0,"_bbp_total_reply_count":0,"_bbp_voice_count":0,"_bbp_anonymous_reply_count":0,"_bbp_topic_count_hidden":0,"_bbp_reply_count_hidden":0,"_bbp_forum_subforum_count":0,"footnotes":""},"categories":[10,11,5],"tags":[],"class_list":["post-19581","post","type-post","status-publish","format-standard","has-post-thumbnail","hentry","category-1r","category-2n","category-de-1r-a-6e"],"post_mailing_queue_ids":[],"_links":{"self":[{"href":"https:\/\/agora.xtec.cat\/escolacollserolacerdanyola\/wp-json\/wp\/v2\/posts\/19581","targetHints":{"allow":["GET"]}}],"collection":[{"href":"https:\/\/agora.xtec.cat\/escolacollserolacerdanyola\/wp-json\/wp\/v2\/posts"}],"about":[{"href":"https:\/\/agora.xtec.cat\/escolacollserolacerdanyola\/wp-json\/wp\/v2\/types\/post"}],"author":[{"embeddable":true,"href":"https:\/\/agora.xtec.cat\/escolacollserolacerdanyola\/wp-json\/wp\/v2\/users\/7"}],"replies":[{"embeddable":true,"href":"https:\/\/agora.xtec.cat\/escolacollserolacerdanyola\/wp-json\/wp\/v2\/comments?post=19581"}],"version-history":[{"count":3,"href":"https:\/\/agora.xtec.cat\/escolacollserolacerdanyola\/wp-json\/wp\/v2\/posts\/19581\/revisions"}],"predecessor-version":[{"id":20669,"href":"https:\/\/agora.xtec.cat\/escolacollserolacerdanyola\/wp-json\/wp\/v2\/posts\/19581\/revisions\/20669"}],"wp:featuredmedia":[{"embeddable":true,"href":"https:\/\/agora.xtec.cat\/escolacollserolacerdanyola\/wp-json\/wp\/v2\/media\/19585"}],"wp:attachment":[{"href":"https:\/\/agora.xtec.cat\/escolacollserolacerdanyola\/wp-json\/wp\/v2\/media?parent=19581"}],"wp:term":[{"taxonomy":"category","embeddable":true,"href":"https:\/\/agora.xtec.cat\/escolacollserolacerdanyola\/wp-json\/wp\/v2\/categories?post=19581"},{"taxonomy":"post_tag","embeddable":true,"href":"https:\/\/agora.xtec.cat\/escolacollserolacerdanyola\/wp-json\/wp\/v2\/tags?post=19581"}],"curies":[{"name":"wp","href":"https:\/\/api.w.org\/{rel}","templated":true}]}}