{"id":19424,"date":"2019-11-01T09:34:57","date_gmt":"2019-11-01T08:34:57","guid":{"rendered":"http:\/\/agora.xtec.cat\/escolacollserolacerdanyola\/?p=19424"},"modified":"2019-11-01T09:39:28","modified_gmt":"2019-11-01T08:39:28","slug":"3r-ajuntament","status":"publish","type":"post","link":"https:\/\/agora.xtec.cat\/escolacollserolacerdanyola\/de-1r-a-6e\/3r\/3r-ajuntament\/","title":{"rendered":"3r Ajuntament"},"content":{"rendered":"<p><a href=\"https:\/\/photos.app.goo.gl\/nDvVcZNsFbykWHhQ8\">3r Ajuntament<\/a><\/p>\n<p>Aquesta setmana hem fet una sortida a l&#8217;Ajuntament de Cerdanyola. Ens va sortir a rebre l&#8217;alcalde i vam anar al seu despatx. All\u00e0 li vam fer una entrevista i vam estar parlant una estona amb ell i amb el regidor d&#8217;educaci\u00f3.<\/p>\n<p>Despr\u00e9s vam anar al Sal\u00f3 de Plens on es reuneix el Consistori. Vam ocupar el lloc dels regidors i regidores dels diferents partits pol\u00edtics.<\/p>\n<p>Per \u00faltim vam anar a l&#8217; OAC, on vam fer dos simulacres. En el primer la M\u00f2nica va fer veure que s&#8217;havia perdut i ,en el segon, el Joan va anar a censar la seva mascota.<\/p>\n","protected":false},"excerpt":{"rendered":"<p><a href=\"https:\/\/photos.app.goo.gl\/nDvVcZNsFbykWHhQ8\">3r Ajuntament<\/a><br \/>\nAquesta setmana hem fet una sortida a l&#8217;Ajuntament de Cerdanyola. Ens va sortir a rebre l&#8217;alcalde i vam anar al seu despatx. All\u00e0 li vam fer una entrevista i vam estar parlant una estona amb ell i amb el regidor d&#8217;educaci\u00f3.<br \/>\nDespr\u00e9s vam anar&hellip;  <a href=\"https:\/\/agora.xtec.cat\/escolacollserolacerdanyola\/de-1r-a-6e\/3r\/3r-ajuntament\/\" title=\"Read 3r Ajuntament\">Llegeix m\u00e9s\u00bb<\/a><\/p>\n","protected":false},"author":8,"featured_media":19425,"comment_status":"open","ping_status":"closed","sticky":false,"template":"","format":"standard","meta":{"_bbp_topic_count":0,"_bbp_reply_count":0,"_bbp_total_topic_count":0,"_bbp_total_reply_count":0,"_bbp_voice_count":0,"_bbp_anonymous_reply_count":0,"_bbp_topic_count_hidden":0,"_bbp_reply_count_hidden":0,"_bbp_forum_subforum_count":0,"footnotes":""},"categories":[12,85],"tags":[474,89,16],"class_list":["post-19424","post","type-post","status-publish","format-standard","has-post-thumbnail","hentry","category-3r","category-mitjans","tag-3r","tag-cicle-mitja","tag-sortides"],"post_mailing_queue_ids":[],"_links":{"self":[{"href":"https:\/\/agora.xtec.cat\/escolacollserolacerdanyola\/wp-json\/wp\/v2\/posts\/19424","targetHints":{"allow":["GET"]}}],"collection":[{"href":"https:\/\/agora.xtec.cat\/escolacollserolacerdanyola\/wp-json\/wp\/v2\/posts"}],"about":[{"href":"https:\/\/agora.xtec.cat\/escolacollserolacerdanyola\/wp-json\/wp\/v2\/types\/post"}],"author":[{"embeddable":true,"href":"https:\/\/agora.xtec.cat\/escolacollserolacerdanyola\/wp-json\/wp\/v2\/users\/8"}],"replies":[{"embeddable":true,"href":"https:\/\/agora.xtec.cat\/escolacollserolacerdanyola\/wp-json\/wp\/v2\/comments?post=19424"}],"version-history":[{"count":1,"href":"https:\/\/agora.xtec.cat\/escolacollserolacerdanyola\/wp-json\/wp\/v2\/posts\/19424\/revisions"}],"predecessor-version":[{"id":19426,"href":"https:\/\/agora.xtec.cat\/escolacollserolacerdanyola\/wp-json\/wp\/v2\/posts\/19424\/revisions\/19426"}],"wp:featuredmedia":[{"embeddable":true,"href":"https:\/\/agora.xtec.cat\/escolacollserolacerdanyola\/wp-json\/wp\/v2\/media\/19425"}],"wp:attachment":[{"href":"https:\/\/agora.xtec.cat\/escolacollserolacerdanyola\/wp-json\/wp\/v2\/media?parent=19424"}],"wp:term":[{"taxonomy":"category","embeddable":true,"href":"https:\/\/agora.xtec.cat\/escolacollserolacerdanyola\/wp-json\/wp\/v2\/categories?post=19424"},{"taxonomy":"post_tag","embeddable":true,"href":"https:\/\/agora.xtec.cat\/escolacollserolacerdanyola\/wp-json\/wp\/v2\/tags?post=19424"}],"curies":[{"name":"wp","href":"https:\/\/api.w.org\/{rel}","templated":true}]}}