{"id":19335,"date":"2019-10-15T16:08:21","date_gmt":"2019-10-15T14:08:21","guid":{"rendered":"http:\/\/agora.xtec.cat\/escolacollserolacerdanyola\/?p=19335"},"modified":"2019-10-15T16:08:21","modified_gmt":"2019-10-15T14:08:21","slug":"els-llops-comencem-a-cuidar-de-lhort","status":"publish","type":"post","link":"https:\/\/agora.xtec.cat\/escolacollserolacerdanyola\/ei3-ei4-ei5\/els-llops-comencem-a-cuidar-de-lhort\/","title":{"rendered":"Els llops comencem a cuidar de l&#8217;hort"},"content":{"rendered":"<p>Els llops treballem molt a l&#8217;hort. Abans per\u00f2 hem de ballar la can\u00e7o &#8220;hem fet un hort&#8221; de Damaris, \u00e9s el nostre ritual especial. Ens encanta anar a l&#8217;hort a regar i cuidar les plantes.<\/p>\n<p>&nbsp;<\/p>\n<p><a href=\"https:\/\/photos.app.goo.gl\/vU5zfNCTWgomrPCW8\">els llops a l&#8217;hort part 1<\/a><\/p>\n","protected":false},"excerpt":{"rendered":"<p>Els llops treballem molt a l&#8217;hort. Abans per\u00f2 hem de ballar la can\u00e7o &#8220;hem fet un hort&#8221; de Damaris, \u00e9s el nostre ritual especial. Ens encanta anar a l&#8217;hort a regar i cuidar les plantes.<br \/>\n&nbsp;<br \/>\n<a href=\"https:\/\/photos.app.goo.gl\/vU5zfNCTWgomrPCW8\">els llops a l&#8217;hort part 1<\/a><\/p>\n","protected":false},"author":33,"featured_media":0,"comment_status":"open","ping_status":"closed","sticky":false,"template":"","format":"standard","meta":{"_bbp_topic_count":0,"_bbp_reply_count":0,"_bbp_total_topic_count":0,"_bbp_total_reply_count":0,"_bbp_voice_count":0,"_bbp_anonymous_reply_count":0,"_bbp_topic_count_hidden":0,"_bbp_reply_count_hidden":0,"_bbp_forum_subforum_count":0,"footnotes":""},"categories":[2,8],"tags":[],"class_list":["post-19335","post","type-post","status-publish","format-standard","hentry","category-ei3-ei4-ei5","category-ei4"],"post_mailing_queue_ids":[],"_links":{"self":[{"href":"https:\/\/agora.xtec.cat\/escolacollserolacerdanyola\/wp-json\/wp\/v2\/posts\/19335","targetHints":{"allow":["GET"]}}],"collection":[{"href":"https:\/\/agora.xtec.cat\/escolacollserolacerdanyola\/wp-json\/wp\/v2\/posts"}],"about":[{"href":"https:\/\/agora.xtec.cat\/escolacollserolacerdanyola\/wp-json\/wp\/v2\/types\/post"}],"author":[{"embeddable":true,"href":"https:\/\/agora.xtec.cat\/escolacollserolacerdanyola\/wp-json\/wp\/v2\/users\/33"}],"replies":[{"embeddable":true,"href":"https:\/\/agora.xtec.cat\/escolacollserolacerdanyola\/wp-json\/wp\/v2\/comments?post=19335"}],"version-history":[{"count":1,"href":"https:\/\/agora.xtec.cat\/escolacollserolacerdanyola\/wp-json\/wp\/v2\/posts\/19335\/revisions"}],"predecessor-version":[{"id":19336,"href":"https:\/\/agora.xtec.cat\/escolacollserolacerdanyola\/wp-json\/wp\/v2\/posts\/19335\/revisions\/19336"}],"wp:attachment":[{"href":"https:\/\/agora.xtec.cat\/escolacollserolacerdanyola\/wp-json\/wp\/v2\/media?parent=19335"}],"wp:term":[{"taxonomy":"category","embeddable":true,"href":"https:\/\/agora.xtec.cat\/escolacollserolacerdanyola\/wp-json\/wp\/v2\/categories?post=19335"},{"taxonomy":"post_tag","embeddable":true,"href":"https:\/\/agora.xtec.cat\/escolacollserolacerdanyola\/wp-json\/wp\/v2\/tags?post=19335"}],"curies":[{"name":"wp","href":"https:\/\/api.w.org\/{rel}","templated":true}]}}