{"id":19331,"date":"2019-10-15T16:08:42","date_gmt":"2019-10-15T14:08:42","guid":{"rendered":"http:\/\/agora.xtec.cat\/escolacollserolacerdanyola\/?p=19331"},"modified":"2019-10-15T16:08:42","modified_gmt":"2019-10-15T14:08:42","slug":"els-espais-de-la-nostra-escola-p4","status":"publish","type":"post","link":"https:\/\/agora.xtec.cat\/escolacollserolacerdanyola\/ei3-ei4-ei5\/els-espais-de-la-nostra-escola-p4\/","title":{"rendered":"els espais de la nostra escola P4"},"content":{"rendered":"<p>Poc a poc anem adaptant-nos altre cop a l&#8217;escola. I \u00e9s que no nom\u00e9s estem a la nostra classe, sin\u00f3 que ens movem per tot arreu fent diferents activitats. Hem anat per tots aquests espais a fer-nos fotos per al nostre tren de la setmana. Les fotos ens ajudaran a organitzar-nos! Aix\u00ed sabrem quan ens toca anar a l&#8217;hort, a espais, a racons de joc,&#8230;<\/p>\n<p><a href=\"https:\/\/photos.app.goo.gl\/fmGgVFDW3X9pwFF69\">ens passegem per l&#8217;escola<\/a><\/p>\n","protected":false},"excerpt":{"rendered":"<p>Poc a poc anem adaptant-nos altre cop a l&#8217;escola. I \u00e9s que no nom\u00e9s estem a la nostra classe, sin\u00f3 que ens movem per tot arreu fent diferents activitats. Hem anat per tots aquests espais a fer-nos fotos per al nostre tren de la setmana.&hellip;  <a href=\"https:\/\/agora.xtec.cat\/escolacollserolacerdanyola\/ei3-ei4-ei5\/els-espais-de-la-nostra-escola-p4\/\" title=\"Read els espais de la nostra escola P4\">Llegeix m\u00e9s\u00bb<\/a><\/p>\n","protected":false},"author":33,"featured_media":0,"comment_status":"open","ping_status":"closed","sticky":false,"template":"","format":"standard","meta":{"_bbp_topic_count":0,"_bbp_reply_count":0,"_bbp_total_topic_count":0,"_bbp_total_reply_count":0,"_bbp_voice_count":0,"_bbp_anonymous_reply_count":0,"_bbp_topic_count_hidden":0,"_bbp_reply_count_hidden":0,"_bbp_forum_subforum_count":0,"footnotes":""},"categories":[2,8],"tags":[],"class_list":["post-19331","post","type-post","status-publish","format-standard","hentry","category-ei3-ei4-ei5","category-ei4"],"post_mailing_queue_ids":[],"_links":{"self":[{"href":"https:\/\/agora.xtec.cat\/escolacollserolacerdanyola\/wp-json\/wp\/v2\/posts\/19331","targetHints":{"allow":["GET"]}}],"collection":[{"href":"https:\/\/agora.xtec.cat\/escolacollserolacerdanyola\/wp-json\/wp\/v2\/posts"}],"about":[{"href":"https:\/\/agora.xtec.cat\/escolacollserolacerdanyola\/wp-json\/wp\/v2\/types\/post"}],"author":[{"embeddable":true,"href":"https:\/\/agora.xtec.cat\/escolacollserolacerdanyola\/wp-json\/wp\/v2\/users\/33"}],"replies":[{"embeddable":true,"href":"https:\/\/agora.xtec.cat\/escolacollserolacerdanyola\/wp-json\/wp\/v2\/comments?post=19331"}],"version-history":[{"count":1,"href":"https:\/\/agora.xtec.cat\/escolacollserolacerdanyola\/wp-json\/wp\/v2\/posts\/19331\/revisions"}],"predecessor-version":[{"id":19332,"href":"https:\/\/agora.xtec.cat\/escolacollserolacerdanyola\/wp-json\/wp\/v2\/posts\/19331\/revisions\/19332"}],"wp:attachment":[{"href":"https:\/\/agora.xtec.cat\/escolacollserolacerdanyola\/wp-json\/wp\/v2\/media?parent=19331"}],"wp:term":[{"taxonomy":"category","embeddable":true,"href":"https:\/\/agora.xtec.cat\/escolacollserolacerdanyola\/wp-json\/wp\/v2\/categories?post=19331"},{"taxonomy":"post_tag","embeddable":true,"href":"https:\/\/agora.xtec.cat\/escolacollserolacerdanyola\/wp-json\/wp\/v2\/tags?post=19331"}],"curies":[{"name":"wp","href":"https:\/\/api.w.org\/{rel}","templated":true}]}}