{"id":19297,"date":"2019-10-02T06:47:50","date_gmt":"2019-10-02T04:47:50","guid":{"rendered":"http:\/\/agora.xtec.cat\/escolacollserolacerdanyola\/?p=19297"},"modified":"2019-10-02T06:47:50","modified_gmt":"2019-10-02T04:47:50","slug":"3r-educacio-fisica","status":"publish","type":"post","link":"https:\/\/agora.xtec.cat\/escolacollserolacerdanyola\/de-1r-a-6e\/3r\/3r-educacio-fisica\/","title":{"rendered":"3r Educaci\u00f3 F\u00edsica"},"content":{"rendered":"<p><a href=\"https:\/\/photos.app.goo.gl\/TNjMLti1rSqS5w9X7\">Educaci\u00f3 F\u00edsica<\/a><\/p>\n<p>Aquesta setmana hem fet sessi\u00f3 de fotos a Educaci\u00f3 F\u00edsica. Han comen\u00e7at estirant i escalfant amb el joc de la cadena. Despr\u00e9s han fet futbol i\u00a0 tombarelles al gimn\u00e0s.<\/p>\n","protected":false},"excerpt":{"rendered":"<p><a href=\"https:\/\/photos.app.goo.gl\/TNjMLti1rSqS5w9X7\">Educaci\u00f3 F\u00edsica<\/a><br \/>\nAquesta setmana hem fet sessi\u00f3 de fotos a Educaci\u00f3 F\u00edsica. Han comen\u00e7at estirant i escalfant amb el joc de la cadena. Despr\u00e9s han fet futbol i\u00a0 tombarelles al gimn\u00e0s.<\/p>\n","protected":false},"author":8,"featured_media":19299,"comment_status":"open","ping_status":"closed","sticky":false,"template":"","format":"standard","meta":{"_bbp_topic_count":0,"_bbp_reply_count":0,"_bbp_total_topic_count":0,"_bbp_total_reply_count":0,"_bbp_voice_count":0,"_bbp_anonymous_reply_count":0,"_bbp_topic_count_hidden":0,"_bbp_reply_count_hidden":0,"_bbp_forum_subforum_count":0,"footnotes":""},"categories":[12,85],"tags":[474,89],"class_list":["post-19297","post","type-post","status-publish","format-standard","has-post-thumbnail","hentry","category-3r","category-mitjans","tag-3r","tag-cicle-mitja"],"post_mailing_queue_ids":[],"_links":{"self":[{"href":"https:\/\/agora.xtec.cat\/escolacollserolacerdanyola\/wp-json\/wp\/v2\/posts\/19297","targetHints":{"allow":["GET"]}}],"collection":[{"href":"https:\/\/agora.xtec.cat\/escolacollserolacerdanyola\/wp-json\/wp\/v2\/posts"}],"about":[{"href":"https:\/\/agora.xtec.cat\/escolacollserolacerdanyola\/wp-json\/wp\/v2\/types\/post"}],"author":[{"embeddable":true,"href":"https:\/\/agora.xtec.cat\/escolacollserolacerdanyola\/wp-json\/wp\/v2\/users\/8"}],"replies":[{"embeddable":true,"href":"https:\/\/agora.xtec.cat\/escolacollserolacerdanyola\/wp-json\/wp\/v2\/comments?post=19297"}],"version-history":[{"count":2,"href":"https:\/\/agora.xtec.cat\/escolacollserolacerdanyola\/wp-json\/wp\/v2\/posts\/19297\/revisions"}],"predecessor-version":[{"id":19304,"href":"https:\/\/agora.xtec.cat\/escolacollserolacerdanyola\/wp-json\/wp\/v2\/posts\/19297\/revisions\/19304"}],"wp:featuredmedia":[{"embeddable":true,"href":"https:\/\/agora.xtec.cat\/escolacollserolacerdanyola\/wp-json\/wp\/v2\/media\/19299"}],"wp:attachment":[{"href":"https:\/\/agora.xtec.cat\/escolacollserolacerdanyola\/wp-json\/wp\/v2\/media?parent=19297"}],"wp:term":[{"taxonomy":"category","embeddable":true,"href":"https:\/\/agora.xtec.cat\/escolacollserolacerdanyola\/wp-json\/wp\/v2\/categories?post=19297"},{"taxonomy":"post_tag","embeddable":true,"href":"https:\/\/agora.xtec.cat\/escolacollserolacerdanyola\/wp-json\/wp\/v2\/tags?post=19297"}],"curies":[{"name":"wp","href":"https:\/\/api.w.org\/{rel}","templated":true}]}}