{"id":19276,"date":"2019-09-29T16:06:20","date_gmt":"2019-09-29T14:06:20","guid":{"rendered":"http:\/\/agora.xtec.cat\/escolacollserolacerdanyola\/?p=19276"},"modified":"2019-11-04T19:37:24","modified_gmt":"2019-11-04T18:37:24","slug":"5e-som-colombia","status":"publish","type":"post","link":"https:\/\/agora.xtec.cat\/escolacollserolacerdanyola\/de-1r-a-6e\/5e\/5e-som-colombia\/","title":{"rendered":"5\u00e8 som COL\u00d2MBIA!"},"content":{"rendered":"<p>Els nens i nenes de 5\u00e8 han presentat quin pa\u00eds volien ser. Despr\u00e8s per votaci\u00f3 hem triat que seriem la classe de Col\u00f2mbia.<\/p>\n<p>Al seg\u00fcent enlla\u00e7 hi trobareu les fotos.<\/p>\n<p><img loading=\"lazy\" decoding=\"async\" class=\" wp-image-19507 aligncenter\" src=\"https:\/\/agora.xtec.cat\/escolacollserolacerdanyola\/wp-content\/uploads\/usu1390\/2019\/09\/Colombia-flag.jpg\" alt=\"\" width=\"465\" height=\"310\" srcset=\"https:\/\/agora.xtec.cat\/escolacollserolacerdanyola\/wp-content\/uploads\/usu1390\/2019\/09\/Colombia-flag.jpg 538w, https:\/\/agora.xtec.cat\/escolacollserolacerdanyola\/wp-content\/uploads\/usu1390\/2019\/09\/Colombia-flag-300x200.jpg 300w\" sizes=\"auto, (max-width: 465px) 100vw, 465px\" \/><\/p>\n<p><a href=\"https:\/\/photos.app.goo.gl\/DK3chunvHBwnk1aP6\">Triem el nom de la classe 5e<\/a><\/p>\n","protected":false},"excerpt":{"rendered":"<p>Els nens i nenes de 5\u00e8 han presentat quin pa\u00eds volien ser. Despr\u00e8s per votaci\u00f3 hem triat que seriem la classe de Col\u00f2mbia.<br \/>\nAl seg\u00fcent enlla\u00e7 hi trobareu les fotos.<\/p>\n<p><a href=\"https:\/\/photos.app.goo.gl\/DK3chunvHBwnk1aP6\">Triem el nom de la classe 5e<\/a><\/p>\n","protected":false},"author":9,"featured_media":19507,"comment_status":"open","ping_status":"closed","sticky":false,"template":"","format":"standard","meta":{"_bbp_topic_count":0,"_bbp_reply_count":0,"_bbp_total_topic_count":0,"_bbp_total_reply_count":0,"_bbp_voice_count":0,"_bbp_anonymous_reply_count":0,"_bbp_topic_count_hidden":0,"_bbp_reply_count_hidden":0,"_bbp_forum_subforum_count":0,"footnotes":""},"categories":[14],"tags":[],"class_list":["post-19276","post","type-post","status-publish","format-standard","has-post-thumbnail","hentry","category-5e"],"post_mailing_queue_ids":[],"_links":{"self":[{"href":"https:\/\/agora.xtec.cat\/escolacollserolacerdanyola\/wp-json\/wp\/v2\/posts\/19276","targetHints":{"allow":["GET"]}}],"collection":[{"href":"https:\/\/agora.xtec.cat\/escolacollserolacerdanyola\/wp-json\/wp\/v2\/posts"}],"about":[{"href":"https:\/\/agora.xtec.cat\/escolacollserolacerdanyola\/wp-json\/wp\/v2\/types\/post"}],"author":[{"embeddable":true,"href":"https:\/\/agora.xtec.cat\/escolacollserolacerdanyola\/wp-json\/wp\/v2\/users\/9"}],"replies":[{"embeddable":true,"href":"https:\/\/agora.xtec.cat\/escolacollserolacerdanyola\/wp-json\/wp\/v2\/comments?post=19276"}],"version-history":[{"count":3,"href":"https:\/\/agora.xtec.cat\/escolacollserolacerdanyola\/wp-json\/wp\/v2\/posts\/19276\/revisions"}],"predecessor-version":[{"id":19508,"href":"https:\/\/agora.xtec.cat\/escolacollserolacerdanyola\/wp-json\/wp\/v2\/posts\/19276\/revisions\/19508"}],"wp:featuredmedia":[{"embeddable":true,"href":"https:\/\/agora.xtec.cat\/escolacollserolacerdanyola\/wp-json\/wp\/v2\/media\/19507"}],"wp:attachment":[{"href":"https:\/\/agora.xtec.cat\/escolacollserolacerdanyola\/wp-json\/wp\/v2\/media?parent=19276"}],"wp:term":[{"taxonomy":"category","embeddable":true,"href":"https:\/\/agora.xtec.cat\/escolacollserolacerdanyola\/wp-json\/wp\/v2\/categories?post=19276"},{"taxonomy":"post_tag","embeddable":true,"href":"https:\/\/agora.xtec.cat\/escolacollserolacerdanyola\/wp-json\/wp\/v2\/tags?post=19276"}],"curies":[{"name":"wp","href":"https:\/\/api.w.org\/{rel}","templated":true}]}}