{"id":19245,"date":"2019-09-29T15:40:58","date_gmt":"2019-09-29T13:40:58","guid":{"rendered":"http:\/\/agora.xtec.cat\/escolacollserolacerdanyola\/?p=19245"},"modified":"2019-11-02T18:14:18","modified_gmt":"2019-11-02T17:14:18","slug":"benvinguts-a-cicle-superior","status":"publish","type":"post","link":"https:\/\/agora.xtec.cat\/escolacollserolacerdanyola\/de-1r-a-6e\/5e\/benvinguts-a-cicle-superior\/","title":{"rendered":"Benvinguts a Cicle Superior!"},"content":{"rendered":"<p>Els alumnes de 6\u00e8 A i 6\u00e8 B han donat la benvinguda a l&#8217;alumnat de 5\u00e8 al Cicle Superior. Ens han explicat les novetats que hi ha en aquest cicle com el projecte de la cooperativa, el de la missi\u00f3 Alba i el projecte Escolta&#8217;m entre d&#8217;altres. Tamb\u00e9 ens han explicat que anirem a l&#8217;Auditori de Sant Cugat a la Cant\u00e0nia i moltes altres novetats respecte al Cicle Mitj\u00e0. Per finalitzar, ens han convidat a galetes per esmorzar.<\/p>\n<p>Aqu\u00ed trobareu les fotos del mes de setembre de 5\u00e8 i alguna de quan els alumnes de 6\u00e8, per grups, ens feien l&#8217;explicaci\u00f3.<\/p>\n<p><a href=\"https:\/\/photos.app.goo.gl\/vasxPvtAATMQmUja6\">Fotos<\/a><\/p>\n","protected":false},"excerpt":{"rendered":"<p>Els alumnes de 6\u00e8 A i 6\u00e8 B han donat la benvinguda a l&#8217;alumnat de 5\u00e8 al Cicle Superior. Ens han explicat les novetats que hi ha en aquest cicle com el projecte de la cooperativa, el de la missi\u00f3 Alba i el projecte Escolta&#8217;m&hellip;  <a href=\"https:\/\/agora.xtec.cat\/escolacollserolacerdanyola\/de-1r-a-6e\/5e\/benvinguts-a-cicle-superior\/\" title=\"Read Benvinguts a Cicle Superior!\">Llegeix m\u00e9s\u00bb<\/a><\/p>\n","protected":false},"author":9,"featured_media":0,"comment_status":"open","ping_status":"closed","sticky":false,"template":"","format":"standard","meta":{"_bbp_topic_count":0,"_bbp_reply_count":0,"_bbp_total_topic_count":0,"_bbp_total_reply_count":0,"_bbp_voice_count":0,"_bbp_anonymous_reply_count":0,"_bbp_topic_count_hidden":0,"_bbp_reply_count_hidden":0,"_bbp_forum_subforum_count":0,"footnotes":""},"categories":[14,15,86],"tags":[],"class_list":["post-19245","post","type-post","status-publish","format-standard","hentry","category-5e","category-6e","category-grans"],"post_mailing_queue_ids":[],"_links":{"self":[{"href":"https:\/\/agora.xtec.cat\/escolacollserolacerdanyola\/wp-json\/wp\/v2\/posts\/19245","targetHints":{"allow":["GET"]}}],"collection":[{"href":"https:\/\/agora.xtec.cat\/escolacollserolacerdanyola\/wp-json\/wp\/v2\/posts"}],"about":[{"href":"https:\/\/agora.xtec.cat\/escolacollserolacerdanyola\/wp-json\/wp\/v2\/types\/post"}],"author":[{"embeddable":true,"href":"https:\/\/agora.xtec.cat\/escolacollserolacerdanyola\/wp-json\/wp\/v2\/users\/9"}],"replies":[{"embeddable":true,"href":"https:\/\/agora.xtec.cat\/escolacollserolacerdanyola\/wp-json\/wp\/v2\/comments?post=19245"}],"version-history":[{"count":3,"href":"https:\/\/agora.xtec.cat\/escolacollserolacerdanyola\/wp-json\/wp\/v2\/posts\/19245\/revisions"}],"predecessor-version":[{"id":19309,"href":"https:\/\/agora.xtec.cat\/escolacollserolacerdanyola\/wp-json\/wp\/v2\/posts\/19245\/revisions\/19309"}],"wp:attachment":[{"href":"https:\/\/agora.xtec.cat\/escolacollserolacerdanyola\/wp-json\/wp\/v2\/media?parent=19245"}],"wp:term":[{"taxonomy":"category","embeddable":true,"href":"https:\/\/agora.xtec.cat\/escolacollserolacerdanyola\/wp-json\/wp\/v2\/categories?post=19245"},{"taxonomy":"post_tag","embeddable":true,"href":"https:\/\/agora.xtec.cat\/escolacollserolacerdanyola\/wp-json\/wp\/v2\/tags?post=19245"}],"curies":[{"name":"wp","href":"https:\/\/api.w.org\/{rel}","templated":true}]}}