{"id":19194,"date":"2019-09-21T19:48:34","date_gmt":"2019-09-21T17:48:34","guid":{"rendered":"http:\/\/agora.xtec.cat\/escolacollserolacerdanyola\/?p=19194"},"modified":"2019-09-21T19:51:32","modified_gmt":"2019-09-21T17:51:32","slug":"benvinguda-al-cicle-mitja-4","status":"publish","type":"post","link":"https:\/\/agora.xtec.cat\/escolacollserolacerdanyola\/de-1r-a-6e\/3r\/benvinguda-al-cicle-mitja-4\/","title":{"rendered":"Benvinguda al Cicle Mitj\u00e0"},"content":{"rendered":"<p><a href=\"https:\/\/photos.app.goo.gl\/1aVDYyCGPJ8Neh1m7\">Benvinguda al Cicle Mitj\u00e0<\/a><\/p>\n<p>Dimecres a la tarda, els nens i nenes de 4t van explicar als companys i companyes de 3r totes les novetats que es trobaran a Cicle Mitj\u00e0. Tamb\u00e9 els van fer un obsequi de benvinguda i els van oferir la seva ajuda en tot el que necessitessin. Despr\u00e9s van berenar tots plegats i van jugar una estona al pati.<\/p>\n<p>&nbsp;<\/p>\n","protected":false},"excerpt":{"rendered":"<p><a href=\"https:\/\/photos.app.goo.gl\/1aVDYyCGPJ8Neh1m7\">Benvinguda al Cicle Mitj\u00e0<\/a><br \/>\nDimecres a la tarda, els nens i nenes de 4t van explicar als companys i companyes de 3r totes les novetats que es trobaran a Cicle Mitj\u00e0. Tamb\u00e9 els van fer un obsequi de benvinguda i els van oferir la seva&hellip;  <a href=\"https:\/\/agora.xtec.cat\/escolacollserolacerdanyola\/de-1r-a-6e\/3r\/benvinguda-al-cicle-mitja-4\/\" title=\"Read Benvinguda al Cicle Mitj\u00e0\">Llegeix m\u00e9s\u00bb<\/a><\/p>\n","protected":false},"author":8,"featured_media":19195,"comment_status":"open","ping_status":"closed","sticky":false,"template":"","format":"standard","meta":{"_bbp_topic_count":0,"_bbp_reply_count":0,"_bbp_total_topic_count":0,"_bbp_total_reply_count":0,"_bbp_voice_count":0,"_bbp_anonymous_reply_count":0,"_bbp_topic_count_hidden":0,"_bbp_reply_count_hidden":0,"_bbp_forum_subforum_count":0,"footnotes":""},"categories":[12,13,85],"tags":[474,475,89],"class_list":["post-19194","post","type-post","status-publish","format-standard","has-post-thumbnail","hentry","category-3r","category-4t","category-mitjans","tag-3r","tag-4t","tag-cicle-mitja"],"post_mailing_queue_ids":[],"_links":{"self":[{"href":"https:\/\/agora.xtec.cat\/escolacollserolacerdanyola\/wp-json\/wp\/v2\/posts\/19194","targetHints":{"allow":["GET"]}}],"collection":[{"href":"https:\/\/agora.xtec.cat\/escolacollserolacerdanyola\/wp-json\/wp\/v2\/posts"}],"about":[{"href":"https:\/\/agora.xtec.cat\/escolacollserolacerdanyola\/wp-json\/wp\/v2\/types\/post"}],"author":[{"embeddable":true,"href":"https:\/\/agora.xtec.cat\/escolacollserolacerdanyola\/wp-json\/wp\/v2\/users\/8"}],"replies":[{"embeddable":true,"href":"https:\/\/agora.xtec.cat\/escolacollserolacerdanyola\/wp-json\/wp\/v2\/comments?post=19194"}],"version-history":[{"count":2,"href":"https:\/\/agora.xtec.cat\/escolacollserolacerdanyola\/wp-json\/wp\/v2\/posts\/19194\/revisions"}],"predecessor-version":[{"id":19197,"href":"https:\/\/agora.xtec.cat\/escolacollserolacerdanyola\/wp-json\/wp\/v2\/posts\/19194\/revisions\/19197"}],"wp:featuredmedia":[{"embeddable":true,"href":"https:\/\/agora.xtec.cat\/escolacollserolacerdanyola\/wp-json\/wp\/v2\/media\/19195"}],"wp:attachment":[{"href":"https:\/\/agora.xtec.cat\/escolacollserolacerdanyola\/wp-json\/wp\/v2\/media?parent=19194"}],"wp:term":[{"taxonomy":"category","embeddable":true,"href":"https:\/\/agora.xtec.cat\/escolacollserolacerdanyola\/wp-json\/wp\/v2\/categories?post=19194"},{"taxonomy":"post_tag","embeddable":true,"href":"https:\/\/agora.xtec.cat\/escolacollserolacerdanyola\/wp-json\/wp\/v2\/tags?post=19194"}],"curies":[{"name":"wp","href":"https:\/\/api.w.org\/{rel}","templated":true}]}}