{"id":19057,"date":"2019-06-20T19:41:52","date_gmt":"2019-06-20T17:41:52","guid":{"rendered":"http:\/\/agora.xtec.cat\/escolacollserolacerdanyola\/?p=19057"},"modified":"2019-06-20T19:41:52","modified_gmt":"2019-06-20T17:41:52","slug":"espai-de-llum-18-19","status":"publish","type":"post","link":"https:\/\/agora.xtec.cat\/escolacollserolacerdanyola\/ei3-ei4-ei5\/espai-de-llum-18-19\/","title":{"rendered":"ESPAI DE LLUM 18-19"},"content":{"rendered":"<p style=\"text-align: center\">Aquest curs hem estenat un espai nou de llum i foscor i hem anat dues tardes cada setmana.<\/p>\n<p style=\"text-align: center\">Ha estat\u00a0 un espai on els infants han pogut experimentar amb les possibilitats art\u00edstiques, t\u00e8cniques i cient\u00edfiques de la llum. S&#8217;han creat petits espais dins de l&#8217;espai, per tal que faciliti l&#8217;observaci\u00f3 tranquil\u00b7la i\u00a0 atenta,\u00a0 la concentraci\u00f3 i la cooperaci\u00f3 entre els infants.A m\u00e9s, els nens i les nenes han pogut actuar\u00a0 sobre el material amb llibertat i de manera creativa. Aqu\u00ed teniu un petit tast del treball realtizat.<\/p>\n<p>&nbsp;<\/p>\n<p style=\"text-align: center\"><a href=\"https:\/\/agora.xtec.cat\/escolacollserolacerdanyola\/wp-content\/uploads\/usu1390\/2019\/06\/perfil.jpg\"><img loading=\"lazy\" decoding=\"async\" class=\"wp-image-19058 aligncenter\" src=\"https:\/\/agora.xtec.cat\/escolacollserolacerdanyola\/wp-content\/uploads\/usu1390\/2019\/06\/perfil.jpg\" alt=\"\" width=\"446\" height=\"251\" srcset=\"https:\/\/agora.xtec.cat\/escolacollserolacerdanyola\/wp-content\/uploads\/usu1390\/2019\/06\/perfil.jpg 516w, https:\/\/agora.xtec.cat\/escolacollserolacerdanyola\/wp-content\/uploads\/usu1390\/2019\/06\/perfil-300x169.jpg 300w\" sizes=\"auto, (max-width: 446px) 100vw, 446px\" \/><\/a><a href=\"https:\/\/photos.app.goo.gl\/T7HtQq3sKAkTRjep9\">ESPAI LLUM<\/a><\/p>\n","protected":false},"excerpt":{"rendered":"<p>Aquest curs hem estenat un espai nou de llum i foscor i hem anat dues tardes cada setmana.<br \/>\nHa estat\u00a0 un espai on els infants han pogut experimentar amb les possibilitats art\u00edstiques, t\u00e8cniques i cient\u00edfiques de la llum. S&#8217;han creat petits espais dins de l&#8217;espai, per&hellip;  <a href=\"https:\/\/agora.xtec.cat\/escolacollserolacerdanyola\/ei3-ei4-ei5\/espai-de-llum-18-19\/\" title=\"Read ESPAI DE LLUM 18-19\">Llegeix m\u00e9s\u00bb<\/a><\/p>\n","protected":false},"author":6,"featured_media":19058,"comment_status":"open","ping_status":"closed","sticky":false,"template":"","format":"standard","meta":{"_bbp_topic_count":0,"_bbp_reply_count":0,"_bbp_total_topic_count":0,"_bbp_total_reply_count":0,"_bbp_voice_count":0,"_bbp_anonymous_reply_count":0,"_bbp_topic_count_hidden":0,"_bbp_reply_count_hidden":0,"_bbp_forum_subforum_count":0,"footnotes":""},"categories":[2,3,8,9],"tags":[],"class_list":["post-19057","post","type-post","status-publish","format-standard","has-post-thumbnail","hentry","category-ei3-ei4-ei5","category-ei3","category-ei4","category-ei5"],"post_mailing_queue_ids":[],"_links":{"self":[{"href":"https:\/\/agora.xtec.cat\/escolacollserolacerdanyola\/wp-json\/wp\/v2\/posts\/19057","targetHints":{"allow":["GET"]}}],"collection":[{"href":"https:\/\/agora.xtec.cat\/escolacollserolacerdanyola\/wp-json\/wp\/v2\/posts"}],"about":[{"href":"https:\/\/agora.xtec.cat\/escolacollserolacerdanyola\/wp-json\/wp\/v2\/types\/post"}],"author":[{"embeddable":true,"href":"https:\/\/agora.xtec.cat\/escolacollserolacerdanyola\/wp-json\/wp\/v2\/users\/6"}],"replies":[{"embeddable":true,"href":"https:\/\/agora.xtec.cat\/escolacollserolacerdanyola\/wp-json\/wp\/v2\/comments?post=19057"}],"version-history":[{"count":2,"href":"https:\/\/agora.xtec.cat\/escolacollserolacerdanyola\/wp-json\/wp\/v2\/posts\/19057\/revisions"}],"predecessor-version":[{"id":19060,"href":"https:\/\/agora.xtec.cat\/escolacollserolacerdanyola\/wp-json\/wp\/v2\/posts\/19057\/revisions\/19060"}],"wp:featuredmedia":[{"embeddable":true,"href":"https:\/\/agora.xtec.cat\/escolacollserolacerdanyola\/wp-json\/wp\/v2\/media\/19058"}],"wp:attachment":[{"href":"https:\/\/agora.xtec.cat\/escolacollserolacerdanyola\/wp-json\/wp\/v2\/media?parent=19057"}],"wp:term":[{"taxonomy":"category","embeddable":true,"href":"https:\/\/agora.xtec.cat\/escolacollserolacerdanyola\/wp-json\/wp\/v2\/categories?post=19057"},{"taxonomy":"post_tag","embeddable":true,"href":"https:\/\/agora.xtec.cat\/escolacollserolacerdanyola\/wp-json\/wp\/v2\/tags?post=19057"}],"curies":[{"name":"wp","href":"https:\/\/api.w.org\/{rel}","templated":true}]}}