{"id":18918,"date":"2019-06-05T19:34:04","date_gmt":"2019-06-05T17:34:04","guid":{"rendered":"http:\/\/agora.xtec.cat\/escolacollserolacerdanyola\/?p=18918"},"modified":"2019-06-05T22:44:56","modified_gmt":"2019-06-05T20:44:56","slug":"videos-colonies","status":"publish","type":"post","link":"https:\/\/agora.xtec.cat\/escolacollserolacerdanyola\/de-1r-a-6e\/6e\/videos-colonies\/","title":{"rendered":"V\u00eddeos i m\u00e9s fotos de fi de curs de 6\u00e8"},"content":{"rendered":"<p>V\u00eddeos:<\/p>\n<p><a href=\"https:\/\/photos.app.goo.gl\/SZrGzEqjQTf2oZhc8\">Noies cantant<\/a><\/p>\n<p><a href=\"https:\/\/photos.app.goo.gl\/Gd6KjFnsEaBg7aCw6\">A la disco<\/a><\/p>\n<p><a href=\"https:\/\/photos.app.goo.gl\/zSrduxCqjXFYLtj28\">A la disco<\/a><\/p>\n<p><a href=\"https:\/\/photos.app.goo.gl\/cEbKii4N6zBcREz68\">M\u00e9s fotos<\/a><\/p>\n","protected":false},"excerpt":{"rendered":"<p>V\u00eddeos:<br \/>\n<a href=\"https:\/\/photos.app.goo.gl\/SZrGzEqjQTf2oZhc8\">Noies cantant<\/a><br \/>\n<a href=\"https:\/\/photos.app.goo.gl\/Gd6KjFnsEaBg7aCw6\">A la disco<\/a><br \/>\n<a href=\"https:\/\/photos.app.goo.gl\/zSrduxCqjXFYLtj28\">A la disco<\/a><br \/>\n<a href=\"https:\/\/photos.app.goo.gl\/cEbKii4N6zBcREz68\">M\u00e9s fotos<\/a><\/p>\n","protected":false},"author":21,"featured_media":0,"comment_status":"open","ping_status":"closed","sticky":false,"template":"","format":"standard","meta":{"_bbp_topic_count":0,"_bbp_reply_count":0,"_bbp_total_topic_count":0,"_bbp_total_reply_count":0,"_bbp_voice_count":0,"_bbp_anonymous_reply_count":0,"_bbp_topic_count_hidden":0,"_bbp_reply_count_hidden":0,"_bbp_forum_subforum_count":0,"footnotes":""},"categories":[15],"tags":[574],"class_list":["post-18918","post","type-post","status-publish","format-standard","hentry","category-6e","tag-colonies"],"post_mailing_queue_ids":[],"_links":{"self":[{"href":"https:\/\/agora.xtec.cat\/escolacollserolacerdanyola\/wp-json\/wp\/v2\/posts\/18918","targetHints":{"allow":["GET"]}}],"collection":[{"href":"https:\/\/agora.xtec.cat\/escolacollserolacerdanyola\/wp-json\/wp\/v2\/posts"}],"about":[{"href":"https:\/\/agora.xtec.cat\/escolacollserolacerdanyola\/wp-json\/wp\/v2\/types\/post"}],"author":[{"embeddable":true,"href":"https:\/\/agora.xtec.cat\/escolacollserolacerdanyola\/wp-json\/wp\/v2\/users\/21"}],"replies":[{"embeddable":true,"href":"https:\/\/agora.xtec.cat\/escolacollserolacerdanyola\/wp-json\/wp\/v2\/comments?post=18918"}],"version-history":[{"count":3,"href":"https:\/\/agora.xtec.cat\/escolacollserolacerdanyola\/wp-json\/wp\/v2\/posts\/18918\/revisions"}],"predecessor-version":[{"id":18923,"href":"https:\/\/agora.xtec.cat\/escolacollserolacerdanyola\/wp-json\/wp\/v2\/posts\/18918\/revisions\/18923"}],"wp:attachment":[{"href":"https:\/\/agora.xtec.cat\/escolacollserolacerdanyola\/wp-json\/wp\/v2\/media?parent=18918"}],"wp:term":[{"taxonomy":"category","embeddable":true,"href":"https:\/\/agora.xtec.cat\/escolacollserolacerdanyola\/wp-json\/wp\/v2\/categories?post=18918"},{"taxonomy":"post_tag","embeddable":true,"href":"https:\/\/agora.xtec.cat\/escolacollserolacerdanyola\/wp-json\/wp\/v2\/tags?post=18918"}],"curies":[{"name":"wp","href":"https:\/\/api.w.org\/{rel}","templated":true}]}}