{"id":18897,"date":"2019-06-01T20:21:15","date_gmt":"2019-06-01T18:21:15","guid":{"rendered":"http:\/\/agora.xtec.cat\/escolacollserolacerdanyola\/?p=18897"},"modified":"2019-06-01T20:21:15","modified_gmt":"2019-06-01T18:21:15","slug":"colonies-2019","status":"publish","type":"post","link":"https:\/\/agora.xtec.cat\/escolacollserolacerdanyola\/de-1r-a-6e\/colonies-2019\/","title":{"rendered":"Col\u00f2nies 2019"},"content":{"rendered":"<p>Estimades fam\u00edlies de la classe de les \u00f2libes, durant aquests tres dies de col\u00f2nies hem gaudit molt\u00edssim i ens ho hem passat d&#8217;all\u00f2 m\u00e9s b\u00e9! A continuaci\u00f3, us adjunto les fotos que resumeixen aquesta petita aventura.<\/p>\n<p><a href=\"https:\/\/photos.app.goo.gl\/EBoSoYUwaLrbrsZz5\">https:\/\/photos.app.goo.gl\/EBoSoYUwaLrbrsZz5<\/a><\/p>\n<p>&nbsp;<\/p>\n","protected":false},"excerpt":{"rendered":"<p>Estimades fam\u00edlies de la classe de les \u00f2libes, durant aquests tres dies de col\u00f2nies hem gaudit molt\u00edssim i ens ho hem passat d&#8217;all\u00f2 m\u00e9s b\u00e9! A continuaci\u00f3, us adjunto les fotos que resumeixen aquesta petita aventura.<br \/>\n<a href=\"https:\/\/photos.app.goo.gl\/EBoSoYUwaLrbrsZz5\">https:\/\/photos.app.goo.gl\/EBoSoYUwaLrbrsZz5<\/a><br \/>\n&nbsp;<\/p>\n","protected":false},"author":7,"featured_media":0,"comment_status":"open","ping_status":"closed","sticky":false,"template":"","format":"standard","meta":{"_bbp_topic_count":0,"_bbp_reply_count":0,"_bbp_total_topic_count":0,"_bbp_total_reply_count":0,"_bbp_voice_count":0,"_bbp_anonymous_reply_count":0,"_bbp_topic_count_hidden":0,"_bbp_reply_count_hidden":0,"_bbp_forum_subforum_count":0,"footnotes":""},"categories":[11,98,5],"tags":[],"class_list":["post-18897","post","type-post","status-publish","format-standard","hentry","category-2n","category-colonies","category-de-1r-a-6e"],"post_mailing_queue_ids":[],"_links":{"self":[{"href":"https:\/\/agora.xtec.cat\/escolacollserolacerdanyola\/wp-json\/wp\/v2\/posts\/18897","targetHints":{"allow":["GET"]}}],"collection":[{"href":"https:\/\/agora.xtec.cat\/escolacollserolacerdanyola\/wp-json\/wp\/v2\/posts"}],"about":[{"href":"https:\/\/agora.xtec.cat\/escolacollserolacerdanyola\/wp-json\/wp\/v2\/types\/post"}],"author":[{"embeddable":true,"href":"https:\/\/agora.xtec.cat\/escolacollserolacerdanyola\/wp-json\/wp\/v2\/users\/7"}],"replies":[{"embeddable":true,"href":"https:\/\/agora.xtec.cat\/escolacollserolacerdanyola\/wp-json\/wp\/v2\/comments?post=18897"}],"version-history":[{"count":1,"href":"https:\/\/agora.xtec.cat\/escolacollserolacerdanyola\/wp-json\/wp\/v2\/posts\/18897\/revisions"}],"predecessor-version":[{"id":18898,"href":"https:\/\/agora.xtec.cat\/escolacollserolacerdanyola\/wp-json\/wp\/v2\/posts\/18897\/revisions\/18898"}],"wp:attachment":[{"href":"https:\/\/agora.xtec.cat\/escolacollserolacerdanyola\/wp-json\/wp\/v2\/media?parent=18897"}],"wp:term":[{"taxonomy":"category","embeddable":true,"href":"https:\/\/agora.xtec.cat\/escolacollserolacerdanyola\/wp-json\/wp\/v2\/categories?post=18897"},{"taxonomy":"post_tag","embeddable":true,"href":"https:\/\/agora.xtec.cat\/escolacollserolacerdanyola\/wp-json\/wp\/v2\/tags?post=18897"}],"curies":[{"name":"wp","href":"https:\/\/api.w.org\/{rel}","templated":true}]}}