{"id":18803,"date":"2019-05-25T07:10:40","date_gmt":"2019-05-25T05:10:40","guid":{"rendered":"http:\/\/agora.xtec.cat\/escolacollserolacerdanyola\/?p=18803"},"modified":"2019-05-25T07:15:57","modified_gmt":"2019-05-25T05:15:57","slug":"4t-laparell-digestiu","status":"publish","type":"post","link":"https:\/\/agora.xtec.cat\/escolacollserolacerdanyola\/de-1r-a-6e\/4t\/4t-laparell-digestiu\/","title":{"rendered":"4t L&#8217;aparell digestiu"},"content":{"rendered":"<p><a href=\"https:\/\/photos.app.goo.gl\/x8dfqrHxJaVEAyNm7\">Maqueta<\/a><\/p>\n<p><a href=\"https:\/\/photos.app.goo.gl\/sicNptvwoKLbX9yr6\">Experiment<\/a><\/p>\n<p>Per estudiar a fons l&#8217;aparell digestiu hem fet una maqueta i un experiment. La maqueta s&#8217;ha fet per grups. N&#8217;hi ha de m\u00e9s art\u00edstiques i de m\u00e9s funcionals. Cada grup ha dissenyat la seva i ha triat els materials que necessitava. L&#8217;objectiu era aprendre el recorregut del tub digestiu i les gl\u00e0ndules que hi intervenen el el proc\u00e9s de la digesti\u00f3.<\/p>\n<p>L&#8217;experiment consistia en simular la digesti\u00f3 d&#8217;un esmorzar des que entra per la boca fins que arriba a l&#8217;intest\u00ed gruixut. Han comen\u00e7at triturant els aliments (un entrep\u00e0, una galeta i taronja), els hi han afegit diferents sucs i \u00e0cids i els han deixat reposar 24 hores. Han comprovat la producci\u00f3 de gasos de la digesti\u00f3 i com els aliments canviaven de textura, color i olor.<\/p>\n","protected":false},"excerpt":{"rendered":"<p><a href=\"https:\/\/photos.app.goo.gl\/x8dfqrHxJaVEAyNm7\">Maqueta<\/a><br \/>\n<a href=\"https:\/\/photos.app.goo.gl\/sicNptvwoKLbX9yr6\">Experiment<\/a><br \/>\nPer estudiar a fons l&#8217;aparell digestiu hem fet una maqueta i un experiment. La maqueta s&#8217;ha fet per grups. N&#8217;hi ha de m\u00e9s art\u00edstiques i de m\u00e9s funcionals. Cada grup ha dissenyat la seva i ha triat els materials que necessitava. L&#8217;objectiu era&hellip;  <a href=\"https:\/\/agora.xtec.cat\/escolacollserolacerdanyola\/de-1r-a-6e\/4t\/4t-laparell-digestiu\/\" title=\"Read 4t L&#8217;aparell digestiu\">Llegeix m\u00e9s\u00bb<\/a><\/p>\n","protected":false},"author":8,"featured_media":18804,"comment_status":"open","ping_status":"closed","sticky":false,"template":"","format":"standard","meta":{"_bbp_topic_count":0,"_bbp_reply_count":0,"_bbp_total_topic_count":0,"_bbp_total_reply_count":0,"_bbp_voice_count":0,"_bbp_anonymous_reply_count":0,"_bbp_topic_count_hidden":0,"_bbp_reply_count_hidden":0,"_bbp_forum_subforum_count":0,"footnotes":""},"categories":[13,85],"tags":[475,89,292],"class_list":["post-18803","post","type-post","status-publish","format-standard","has-post-thumbnail","hentry","category-4t","category-mitjans","tag-4t","tag-cicle-mitja","tag-practiques-laboratori"],"post_mailing_queue_ids":[],"_links":{"self":[{"href":"https:\/\/agora.xtec.cat\/escolacollserolacerdanyola\/wp-json\/wp\/v2\/posts\/18803","targetHints":{"allow":["GET"]}}],"collection":[{"href":"https:\/\/agora.xtec.cat\/escolacollserolacerdanyola\/wp-json\/wp\/v2\/posts"}],"about":[{"href":"https:\/\/agora.xtec.cat\/escolacollserolacerdanyola\/wp-json\/wp\/v2\/types\/post"}],"author":[{"embeddable":true,"href":"https:\/\/agora.xtec.cat\/escolacollserolacerdanyola\/wp-json\/wp\/v2\/users\/8"}],"replies":[{"embeddable":true,"href":"https:\/\/agora.xtec.cat\/escolacollserolacerdanyola\/wp-json\/wp\/v2\/comments?post=18803"}],"version-history":[{"count":2,"href":"https:\/\/agora.xtec.cat\/escolacollserolacerdanyola\/wp-json\/wp\/v2\/posts\/18803\/revisions"}],"predecessor-version":[{"id":18806,"href":"https:\/\/agora.xtec.cat\/escolacollserolacerdanyola\/wp-json\/wp\/v2\/posts\/18803\/revisions\/18806"}],"wp:featuredmedia":[{"embeddable":true,"href":"https:\/\/agora.xtec.cat\/escolacollserolacerdanyola\/wp-json\/wp\/v2\/media\/18804"}],"wp:attachment":[{"href":"https:\/\/agora.xtec.cat\/escolacollserolacerdanyola\/wp-json\/wp\/v2\/media?parent=18803"}],"wp:term":[{"taxonomy":"category","embeddable":true,"href":"https:\/\/agora.xtec.cat\/escolacollserolacerdanyola\/wp-json\/wp\/v2\/categories?post=18803"},{"taxonomy":"post_tag","embeddable":true,"href":"https:\/\/agora.xtec.cat\/escolacollserolacerdanyola\/wp-json\/wp\/v2\/tags?post=18803"}],"curies":[{"name":"wp","href":"https:\/\/api.w.org\/{rel}","templated":true}]}}