{"id":18779,"date":"2019-05-18T08:17:20","date_gmt":"2019-05-18T06:17:20","guid":{"rendered":"http:\/\/agora.xtec.cat\/escolacollserolacerdanyola\/?p=18779"},"modified":"2019-05-18T08:20:01","modified_gmt":"2019-05-18T06:20:01","slug":"cicle-mig-sortida-a-mercabarna","status":"publish","type":"post","link":"https:\/\/agora.xtec.cat\/escolacollserolacerdanyola\/de-1r-a-6e\/3r\/cicle-mig-sortida-a-mercabarna\/","title":{"rendered":"Cicle Mig. Sortida a Mercabarna"},"content":{"rendered":"<p><a href=\"https:\/\/photos.app.goo.gl\/YAeDV9tYGcDaoaDf9\">Mercabarna Cicle Mig<\/a><\/p>\n<p>Els nens de 3r i 4t hem anat a visitar Mercabarna i hem realitzat l&#8217;activitat &#8220;5 al dia&#8221;. Hem vist com els venedors de fruiteries i supermercats compren verdures i hortalisses als grans magatzems de Mercabarna. Tamb\u00e9 hem tastat fruites i hortalisses (algunes les hem descobert avui) i hem vist el proc\u00e9s que fan amb les patates, des que arriben directes de l&#8217;hort i fins que acaben envasades amb una malla, tal com les trobem a les botigues. Hem dinat una amanida bon\u00edssima, el nostre entrep\u00e0 i una maced\u00f2nia de postre.<\/p>\n","protected":false},"excerpt":{"rendered":"<p><a href=\"https:\/\/photos.app.goo.gl\/YAeDV9tYGcDaoaDf9\">Mercabarna Cicle Mig<\/a><br \/>\nEls nens de 3r i 4t hem anat a visitar Mercabarna i hem realitzat l&#8217;activitat &#8220;5 al dia&#8221;. Hem vist com els venedors de fruiteries i supermercats compren verdures i hortalisses als grans magatzems de Mercabarna. Tamb\u00e9 hem tastat fruites i hortalisses&hellip;  <a href=\"https:\/\/agora.xtec.cat\/escolacollserolacerdanyola\/de-1r-a-6e\/3r\/cicle-mig-sortida-a-mercabarna\/\" title=\"Read Cicle Mig. Sortida a Mercabarna\">Llegeix m\u00e9s\u00bb<\/a><\/p>\n","protected":false},"author":8,"featured_media":18780,"comment_status":"open","ping_status":"closed","sticky":false,"template":"","format":"standard","meta":{"_bbp_topic_count":0,"_bbp_reply_count":0,"_bbp_total_topic_count":0,"_bbp_total_reply_count":0,"_bbp_voice_count":0,"_bbp_anonymous_reply_count":0,"_bbp_topic_count_hidden":0,"_bbp_reply_count_hidden":0,"_bbp_forum_subforum_count":0,"footnotes":""},"categories":[12,13,85],"tags":[474,475,89],"class_list":["post-18779","post","type-post","status-publish","format-standard","has-post-thumbnail","hentry","category-3r","category-4t","category-mitjans","tag-3r","tag-4t","tag-cicle-mitja"],"post_mailing_queue_ids":[],"_links":{"self":[{"href":"https:\/\/agora.xtec.cat\/escolacollserolacerdanyola\/wp-json\/wp\/v2\/posts\/18779","targetHints":{"allow":["GET"]}}],"collection":[{"href":"https:\/\/agora.xtec.cat\/escolacollserolacerdanyola\/wp-json\/wp\/v2\/posts"}],"about":[{"href":"https:\/\/agora.xtec.cat\/escolacollserolacerdanyola\/wp-json\/wp\/v2\/types\/post"}],"author":[{"embeddable":true,"href":"https:\/\/agora.xtec.cat\/escolacollserolacerdanyola\/wp-json\/wp\/v2\/users\/8"}],"replies":[{"embeddable":true,"href":"https:\/\/agora.xtec.cat\/escolacollserolacerdanyola\/wp-json\/wp\/v2\/comments?post=18779"}],"version-history":[{"count":2,"href":"https:\/\/agora.xtec.cat\/escolacollserolacerdanyola\/wp-json\/wp\/v2\/posts\/18779\/revisions"}],"predecessor-version":[{"id":18782,"href":"https:\/\/agora.xtec.cat\/escolacollserolacerdanyola\/wp-json\/wp\/v2\/posts\/18779\/revisions\/18782"}],"wp:featuredmedia":[{"embeddable":true,"href":"https:\/\/agora.xtec.cat\/escolacollserolacerdanyola\/wp-json\/wp\/v2\/media\/18780"}],"wp:attachment":[{"href":"https:\/\/agora.xtec.cat\/escolacollserolacerdanyola\/wp-json\/wp\/v2\/media?parent=18779"}],"wp:term":[{"taxonomy":"category","embeddable":true,"href":"https:\/\/agora.xtec.cat\/escolacollserolacerdanyola\/wp-json\/wp\/v2\/categories?post=18779"},{"taxonomy":"post_tag","embeddable":true,"href":"https:\/\/agora.xtec.cat\/escolacollserolacerdanyola\/wp-json\/wp\/v2\/tags?post=18779"}],"curies":[{"name":"wp","href":"https:\/\/api.w.org\/{rel}","templated":true}]}}