{"id":18557,"date":"2019-03-20T14:30:07","date_gmt":"2019-03-20T13:30:07","guid":{"rendered":"http:\/\/agora.xtec.cat\/escolacollserolacerdanyola\/?p=18557"},"modified":"2019-04-20T14:36:14","modified_gmt":"2019-04-20T12:36:14","slug":"fem-dansa-creativa","status":"publish","type":"post","link":"https:\/\/agora.xtec.cat\/escolacollserolacerdanyola\/de-1r-a-6e\/1r\/fem-dansa-creativa\/","title":{"rendered":"Fem dansa creativa"},"content":{"rendered":"<p>Els mussols hem anat a l&#8217;Ateneu a fer dansa creativa.<\/p>\n<p>Hem pogut experimentar amb el nostre cos, veure quins moviments podem realitzar i hem gaudit de la dansa.<\/p>\n<p>Per \u00faltim hem fet una estona de relaxaci\u00f3, centrant-nos amb la respiraci\u00f3 i intentant controlar el nostre cos.<\/p>\n<p>Ha sigut molt interessant i ens ha perm\u00e8s coneixe&#8217;ns a nosaltres mateixos\/es una mica m\u00e9s.<\/p>\n<p><a href=\"https:\/\/photos.app.goo.gl\/AEL3pGc2b8vg3SzaA\">Fem dansa creativa<\/a><\/p>\n","protected":false},"excerpt":{"rendered":"<p>Els mussols hem anat a l&#8217;Ateneu a fer dansa creativa.<br \/>\nHem pogut experimentar amb el nostre cos, veure quins moviments podem realitzar i hem gaudit de la dansa.<br \/>\nPer \u00faltim hem fet una estona de relaxaci\u00f3, centrant-nos amb la respiraci\u00f3 i intentant controlar el nostre cos.<br \/>\nHa sigut&hellip;  <a href=\"https:\/\/agora.xtec.cat\/escolacollserolacerdanyola\/de-1r-a-6e\/1r\/fem-dansa-creativa\/\" title=\"Read Fem dansa creativa\">Llegeix m\u00e9s\u00bb<\/a><\/p>\n","protected":false},"author":7,"featured_media":0,"comment_status":"open","ping_status":"closed","sticky":false,"template":"","format":"standard","meta":{"_bbp_topic_count":0,"_bbp_reply_count":0,"_bbp_total_topic_count":0,"_bbp_total_reply_count":0,"_bbp_voice_count":0,"_bbp_anonymous_reply_count":0,"_bbp_topic_count_hidden":0,"_bbp_reply_count_hidden":0,"_bbp_forum_subforum_count":0,"footnotes":""},"categories":[10],"tags":[],"class_list":["post-18557","post","type-post","status-publish","format-standard","hentry","category-1r"],"post_mailing_queue_ids":[],"_links":{"self":[{"href":"https:\/\/agora.xtec.cat\/escolacollserolacerdanyola\/wp-json\/wp\/v2\/posts\/18557","targetHints":{"allow":["GET"]}}],"collection":[{"href":"https:\/\/agora.xtec.cat\/escolacollserolacerdanyola\/wp-json\/wp\/v2\/posts"}],"about":[{"href":"https:\/\/agora.xtec.cat\/escolacollserolacerdanyola\/wp-json\/wp\/v2\/types\/post"}],"author":[{"embeddable":true,"href":"https:\/\/agora.xtec.cat\/escolacollserolacerdanyola\/wp-json\/wp\/v2\/users\/7"}],"replies":[{"embeddable":true,"href":"https:\/\/agora.xtec.cat\/escolacollserolacerdanyola\/wp-json\/wp\/v2\/comments?post=18557"}],"version-history":[{"count":1,"href":"https:\/\/agora.xtec.cat\/escolacollserolacerdanyola\/wp-json\/wp\/v2\/posts\/18557\/revisions"}],"predecessor-version":[{"id":18558,"href":"https:\/\/agora.xtec.cat\/escolacollserolacerdanyola\/wp-json\/wp\/v2\/posts\/18557\/revisions\/18558"}],"wp:attachment":[{"href":"https:\/\/agora.xtec.cat\/escolacollserolacerdanyola\/wp-json\/wp\/v2\/media?parent=18557"}],"wp:term":[{"taxonomy":"category","embeddable":true,"href":"https:\/\/agora.xtec.cat\/escolacollserolacerdanyola\/wp-json\/wp\/v2\/categories?post=18557"},{"taxonomy":"post_tag","embeddable":true,"href":"https:\/\/agora.xtec.cat\/escolacollserolacerdanyola\/wp-json\/wp\/v2\/tags?post=18557"}],"curies":[{"name":"wp","href":"https:\/\/api.w.org\/{rel}","templated":true}]}}