{"id":18505,"date":"2019-04-06T07:52:32","date_gmt":"2019-04-06T05:52:32","guid":{"rendered":"http:\/\/agora.xtec.cat\/escolacollserolacerdanyola\/?p=18505"},"modified":"2019-04-06T07:52:54","modified_gmt":"2019-04-06T05:52:54","slug":"4t-jardi-de-les-papallones","status":"publish","type":"post","link":"https:\/\/agora.xtec.cat\/escolacollserolacerdanyola\/de-1r-a-6e\/4t\/4t-jardi-de-les-papallones\/","title":{"rendered":"4t Jard\u00ed de les papallones"},"content":{"rendered":"<p><a href=\"https:\/\/photos.app.goo.gl\/tK6vYVSWFZaRqWXY6\">Jard\u00ed de les papallones<\/a><\/p>\n<p>Aquesta setmana hem fet una activitat al jard\u00ed de les papallones, Hem apr\u00e8s d&#8217;ocells, d&#8217;insectes i de plantes. I tamb\u00e9 que tenim la sort que la nostra escola es troba en un entorn privilegiat.<\/p>\n","protected":false},"excerpt":{"rendered":"<p><a href=\"https:\/\/photos.app.goo.gl\/tK6vYVSWFZaRqWXY6\">Jard\u00ed de les papallones<\/a><br \/>\nAquesta setmana hem fet una activitat al jard\u00ed de les papallones, Hem apr\u00e8s d&#8217;ocells, d&#8217;insectes i de plantes. I tamb\u00e9 que tenim la sort que la nostra escola es troba en un entorn privilegiat.<\/p>\n","protected":false},"author":8,"featured_media":18506,"comment_status":"open","ping_status":"closed","sticky":false,"template":"","format":"standard","meta":{"_bbp_topic_count":0,"_bbp_reply_count":0,"_bbp_total_topic_count":0,"_bbp_total_reply_count":0,"_bbp_voice_count":0,"_bbp_anonymous_reply_count":0,"_bbp_topic_count_hidden":0,"_bbp_reply_count_hidden":0,"_bbp_forum_subforum_count":0,"footnotes":""},"categories":[13,85],"tags":[475,89],"class_list":["post-18505","post","type-post","status-publish","format-standard","has-post-thumbnail","hentry","category-4t","category-mitjans","tag-4t","tag-cicle-mitja"],"post_mailing_queue_ids":[],"_links":{"self":[{"href":"https:\/\/agora.xtec.cat\/escolacollserolacerdanyola\/wp-json\/wp\/v2\/posts\/18505","targetHints":{"allow":["GET"]}}],"collection":[{"href":"https:\/\/agora.xtec.cat\/escolacollserolacerdanyola\/wp-json\/wp\/v2\/posts"}],"about":[{"href":"https:\/\/agora.xtec.cat\/escolacollserolacerdanyola\/wp-json\/wp\/v2\/types\/post"}],"author":[{"embeddable":true,"href":"https:\/\/agora.xtec.cat\/escolacollserolacerdanyola\/wp-json\/wp\/v2\/users\/8"}],"replies":[{"embeddable":true,"href":"https:\/\/agora.xtec.cat\/escolacollserolacerdanyola\/wp-json\/wp\/v2\/comments?post=18505"}],"version-history":[{"count":2,"href":"https:\/\/agora.xtec.cat\/escolacollserolacerdanyola\/wp-json\/wp\/v2\/posts\/18505\/revisions"}],"predecessor-version":[{"id":18508,"href":"https:\/\/agora.xtec.cat\/escolacollserolacerdanyola\/wp-json\/wp\/v2\/posts\/18505\/revisions\/18508"}],"wp:featuredmedia":[{"embeddable":true,"href":"https:\/\/agora.xtec.cat\/escolacollserolacerdanyola\/wp-json\/wp\/v2\/media\/18506"}],"wp:attachment":[{"href":"https:\/\/agora.xtec.cat\/escolacollserolacerdanyola\/wp-json\/wp\/v2\/media?parent=18505"}],"wp:term":[{"taxonomy":"category","embeddable":true,"href":"https:\/\/agora.xtec.cat\/escolacollserolacerdanyola\/wp-json\/wp\/v2\/categories?post=18505"},{"taxonomy":"post_tag","embeddable":true,"href":"https:\/\/agora.xtec.cat\/escolacollserolacerdanyola\/wp-json\/wp\/v2\/tags?post=18505"}],"curies":[{"name":"wp","href":"https:\/\/api.w.org\/{rel}","templated":true}]}}