{"id":18426,"date":"2019-03-23T07:53:20","date_gmt":"2019-03-23T06:53:20","guid":{"rendered":"http:\/\/agora.xtec.cat\/escolacollserolacerdanyola\/?p=18426"},"modified":"2019-03-23T08:02:59","modified_gmt":"2019-03-23T07:02:59","slug":"4t-riera-de-sant-cugat","status":"publish","type":"post","link":"https:\/\/agora.xtec.cat\/escolacollserolacerdanyola\/de-1r-a-6e\/4t\/4t-riera-de-sant-cugat\/","title":{"rendered":"4t Riera de Sant Cugat"},"content":{"rendered":"<p><a href=\"https:\/\/photos.app.goo.gl\/DS79pN7GB5ErWa1FA\">4t Sortida Riera Sant Cugat<\/a><\/p>\n<p>Divendres 22 vam fer una sortida per la Riera de Sant Cugat. L&#8217;objectiu era experimentar i investigar la NATURA que tenim tan a prop. Vam aprendre a identificar alguns arbres. Vam con\u00e8ixer els animals que hi viuen aqu\u00ed. Tamb\u00e9 vam observar objectes que algunes persones deixen a la Natura i que la contaminen.<\/p>\n","protected":false},"excerpt":{"rendered":"<p><a href=\"https:\/\/photos.app.goo.gl\/DS79pN7GB5ErWa1FA\">4t Sortida Riera Sant Cugat<\/a><br \/>\nDivendres 22 vam fer una sortida per la Riera de Sant Cugat. L&#8217;objectiu era experimentar i investigar la NATURA que tenim tan a prop. Vam aprendre a identificar alguns arbres. Vam con\u00e8ixer els animals que hi viuen aqu\u00ed. Tamb\u00e9 vam&hellip;  <a href=\"https:\/\/agora.xtec.cat\/escolacollserolacerdanyola\/de-1r-a-6e\/4t\/4t-riera-de-sant-cugat\/\" title=\"Read 4t Riera de Sant Cugat\">Llegeix m\u00e9s\u00bb<\/a><\/p>\n","protected":false},"author":8,"featured_media":18430,"comment_status":"open","ping_status":"closed","sticky":false,"template":"","format":"standard","meta":{"_bbp_topic_count":0,"_bbp_reply_count":0,"_bbp_total_topic_count":0,"_bbp_total_reply_count":0,"_bbp_voice_count":0,"_bbp_anonymous_reply_count":0,"_bbp_topic_count_hidden":0,"_bbp_reply_count_hidden":0,"_bbp_forum_subforum_count":0,"footnotes":""},"categories":[13,85,93],"tags":[475,89,16],"class_list":["post-18426","post","type-post","status-publish","format-standard","has-post-thumbnail","hentry","category-4t","category-mitjans","category-sortides","tag-4t","tag-cicle-mitja","tag-sortides"],"post_mailing_queue_ids":[],"_links":{"self":[{"href":"https:\/\/agora.xtec.cat\/escolacollserolacerdanyola\/wp-json\/wp\/v2\/posts\/18426","targetHints":{"allow":["GET"]}}],"collection":[{"href":"https:\/\/agora.xtec.cat\/escolacollserolacerdanyola\/wp-json\/wp\/v2\/posts"}],"about":[{"href":"https:\/\/agora.xtec.cat\/escolacollserolacerdanyola\/wp-json\/wp\/v2\/types\/post"}],"author":[{"embeddable":true,"href":"https:\/\/agora.xtec.cat\/escolacollserolacerdanyola\/wp-json\/wp\/v2\/users\/8"}],"replies":[{"embeddable":true,"href":"https:\/\/agora.xtec.cat\/escolacollserolacerdanyola\/wp-json\/wp\/v2\/comments?post=18426"}],"version-history":[{"count":2,"href":"https:\/\/agora.xtec.cat\/escolacollserolacerdanyola\/wp-json\/wp\/v2\/posts\/18426\/revisions"}],"predecessor-version":[{"id":18429,"href":"https:\/\/agora.xtec.cat\/escolacollserolacerdanyola\/wp-json\/wp\/v2\/posts\/18426\/revisions\/18429"}],"wp:featuredmedia":[{"embeddable":true,"href":"https:\/\/agora.xtec.cat\/escolacollserolacerdanyola\/wp-json\/wp\/v2\/media\/18430"}],"wp:attachment":[{"href":"https:\/\/agora.xtec.cat\/escolacollserolacerdanyola\/wp-json\/wp\/v2\/media?parent=18426"}],"wp:term":[{"taxonomy":"category","embeddable":true,"href":"https:\/\/agora.xtec.cat\/escolacollserolacerdanyola\/wp-json\/wp\/v2\/categories?post=18426"},{"taxonomy":"post_tag","embeddable":true,"href":"https:\/\/agora.xtec.cat\/escolacollserolacerdanyola\/wp-json\/wp\/v2\/tags?post=18426"}],"curies":[{"name":"wp","href":"https:\/\/api.w.org\/{rel}","templated":true}]}}