{"id":18120,"date":"2019-03-07T23:34:55","date_gmt":"2019-03-07T22:34:55","guid":{"rendered":"http:\/\/agora.xtec.cat\/escolacollserolacerdanyola\/?p=18120"},"modified":"2019-03-10T20:49:59","modified_gmt":"2019-03-10T19:49:59","slug":"la-fantasia-i-el-carnaval","status":"publish","type":"post","link":"https:\/\/agora.xtec.cat\/escolacollserolacerdanyola\/ei3-ei4-ei5\/ei5\/la-fantasia-i-el-carnaval\/","title":{"rendered":"la fantasia i el carnaval!"},"content":{"rendered":"<p>Un altre any el carnaval i les jornades culturals han arribat. I a P5 no hem parat. D&#8217;entre les moltes coses que hem fet, us destaquem les fotos amb la disfressa que entre tots vam triar\u00a0i els manaments del senyor Carnestoltes, aix\u00ed com les fotos de la sortida al &#8220;Taller d&#8217;en txo&#8221;, un dia espl\u00e8ndid que vam gaudir al m\u00e0xim,&#8230;a l&#8217;autocar cantant, al bosc m\u00e0gic, amb els follets i amb les titelles, per acabar dinant a un parc ben xulo i jugant sense parar.<\/p>\n<p>&nbsp;<\/p>\n<p><a href=\"https:\/\/photos.app.goo.gl\/7VEFhGe9FWGfgQaj7\">https:\/\/photos.app.goo.gl\/7VEFhGe9FWGfgQaj7<\/a><\/p>\n<p>&nbsp;<\/p>\n","protected":false},"excerpt":{"rendered":"<p>Un altre any el carnaval i les jornades culturals han arribat. I a P5 no hem parat. D&#8217;entre les moltes coses que hem fet, us destaquem les fotos amb la disfressa que entre tots vam triar\u00a0i els manaments del senyor Carnestoltes, aix\u00ed com les fotos&hellip;  <a href=\"https:\/\/agora.xtec.cat\/escolacollserolacerdanyola\/ei3-ei4-ei5\/ei5\/la-fantasia-i-el-carnaval\/\" title=\"Read la fantasia i el carnaval!\">Llegeix m\u00e9s\u00bb<\/a><\/p>\n","protected":false},"author":33,"featured_media":0,"comment_status":"open","ping_status":"closed","sticky":false,"template":"","format":"standard","meta":{"_bbp_topic_count":0,"_bbp_reply_count":0,"_bbp_total_topic_count":0,"_bbp_total_reply_count":0,"_bbp_voice_count":0,"_bbp_anonymous_reply_count":0,"_bbp_topic_count_hidden":0,"_bbp_reply_count_hidden":0,"_bbp_forum_subforum_count":0,"footnotes":""},"categories":[9],"tags":[68],"class_list":["post-18120","post","type-post","status-publish","format-standard","hentry","category-ei5","tag-infantil"],"post_mailing_queue_ids":[],"_links":{"self":[{"href":"https:\/\/agora.xtec.cat\/escolacollserolacerdanyola\/wp-json\/wp\/v2\/posts\/18120","targetHints":{"allow":["GET"]}}],"collection":[{"href":"https:\/\/agora.xtec.cat\/escolacollserolacerdanyola\/wp-json\/wp\/v2\/posts"}],"about":[{"href":"https:\/\/agora.xtec.cat\/escolacollserolacerdanyola\/wp-json\/wp\/v2\/types\/post"}],"author":[{"embeddable":true,"href":"https:\/\/agora.xtec.cat\/escolacollserolacerdanyola\/wp-json\/wp\/v2\/users\/33"}],"replies":[{"embeddable":true,"href":"https:\/\/agora.xtec.cat\/escolacollserolacerdanyola\/wp-json\/wp\/v2\/comments?post=18120"}],"version-history":[{"count":2,"href":"https:\/\/agora.xtec.cat\/escolacollserolacerdanyola\/wp-json\/wp\/v2\/posts\/18120\/revisions"}],"predecessor-version":[{"id":18122,"href":"https:\/\/agora.xtec.cat\/escolacollserolacerdanyola\/wp-json\/wp\/v2\/posts\/18120\/revisions\/18122"}],"wp:attachment":[{"href":"https:\/\/agora.xtec.cat\/escolacollserolacerdanyola\/wp-json\/wp\/v2\/media?parent=18120"}],"wp:term":[{"taxonomy":"category","embeddable":true,"href":"https:\/\/agora.xtec.cat\/escolacollserolacerdanyola\/wp-json\/wp\/v2\/categories?post=18120"},{"taxonomy":"post_tag","embeddable":true,"href":"https:\/\/agora.xtec.cat\/escolacollserolacerdanyola\/wp-json\/wp\/v2\/tags?post=18120"}],"curies":[{"name":"wp","href":"https:\/\/api.w.org\/{rel}","templated":true}]}}