{"id":16764,"date":"2019-02-27T23:05:57","date_gmt":"2019-02-27T22:05:57","guid":{"rendered":"http:\/\/agora.xtec.cat\/escolacollserolacerdanyola\/?p=16764"},"modified":"2019-02-27T23:05:57","modified_gmt":"2019-02-27T22:05:57","slug":"cm-carnestoltes-2019","status":"publish","type":"post","link":"https:\/\/agora.xtec.cat\/escolacollserolacerdanyola\/de-1r-a-6e\/3r\/cm-carnestoltes-2019\/","title":{"rendered":"CM Carnestoltes 2019"},"content":{"rendered":"<p><a href=\"https:\/\/photos.app.goo.gl\/wjj6ACgDH81N5Cx49\">Carnestoltes 2019 CM<\/a><\/p>\n<p>Dilluns a la tarda va arribar en Carnestoltes acompanyat d&#8217;un amic seu i de tots els delegats i delegades. El vam rebre al gimn\u00e0s.<\/p>\n<p>En Mario i la Lin de 5\u00e8 van llegir el preg\u00f3 i despr\u00e8s va actuar el Mag Nani.<\/p>\n","protected":false},"excerpt":{"rendered":"<p><a href=\"https:\/\/photos.app.goo.gl\/wjj6ACgDH81N5Cx49\">Carnestoltes 2019 CM<\/a><br \/>\nDilluns a la tarda va arribar en Carnestoltes acompanyat d&#8217;un amic seu i de tots els delegats i delegades. El vam rebre al gimn\u00e0s.<br \/>\nEn Mario i la Lin de 5\u00e8 van llegir el preg\u00f3 i despr\u00e8s va actuar el Mag Nani.<\/p>\n","protected":false},"author":8,"featured_media":16765,"comment_status":"open","ping_status":"closed","sticky":false,"template":"","format":"standard","meta":{"_bbp_topic_count":0,"_bbp_reply_count":0,"_bbp_total_topic_count":0,"_bbp_total_reply_count":0,"_bbp_voice_count":0,"_bbp_anonymous_reply_count":0,"_bbp_topic_count_hidden":0,"_bbp_reply_count_hidden":0,"_bbp_forum_subforum_count":0,"footnotes":""},"categories":[12,13,85],"tags":[474,475,300,89],"class_list":["post-16764","post","type-post","status-publish","format-standard","has-post-thumbnail","hentry","category-3r","category-4t","category-mitjans","tag-3r","tag-4t","tag-carnestoltes","tag-cicle-mitja"],"post_mailing_queue_ids":[],"_links":{"self":[{"href":"https:\/\/agora.xtec.cat\/escolacollserolacerdanyola\/wp-json\/wp\/v2\/posts\/16764","targetHints":{"allow":["GET"]}}],"collection":[{"href":"https:\/\/agora.xtec.cat\/escolacollserolacerdanyola\/wp-json\/wp\/v2\/posts"}],"about":[{"href":"https:\/\/agora.xtec.cat\/escolacollserolacerdanyola\/wp-json\/wp\/v2\/types\/post"}],"author":[{"embeddable":true,"href":"https:\/\/agora.xtec.cat\/escolacollserolacerdanyola\/wp-json\/wp\/v2\/users\/8"}],"replies":[{"embeddable":true,"href":"https:\/\/agora.xtec.cat\/escolacollserolacerdanyola\/wp-json\/wp\/v2\/comments?post=16764"}],"version-history":[{"count":1,"href":"https:\/\/agora.xtec.cat\/escolacollserolacerdanyola\/wp-json\/wp\/v2\/posts\/16764\/revisions"}],"predecessor-version":[{"id":16766,"href":"https:\/\/agora.xtec.cat\/escolacollserolacerdanyola\/wp-json\/wp\/v2\/posts\/16764\/revisions\/16766"}],"wp:featuredmedia":[{"embeddable":true,"href":"https:\/\/agora.xtec.cat\/escolacollserolacerdanyola\/wp-json\/wp\/v2\/media\/16765"}],"wp:attachment":[{"href":"https:\/\/agora.xtec.cat\/escolacollserolacerdanyola\/wp-json\/wp\/v2\/media?parent=16764"}],"wp:term":[{"taxonomy":"category","embeddable":true,"href":"https:\/\/agora.xtec.cat\/escolacollserolacerdanyola\/wp-json\/wp\/v2\/categories?post=16764"},{"taxonomy":"post_tag","embeddable":true,"href":"https:\/\/agora.xtec.cat\/escolacollserolacerdanyola\/wp-json\/wp\/v2\/tags?post=16764"}],"curies":[{"name":"wp","href":"https:\/\/api.w.org\/{rel}","templated":true}]}}